{"id":3422,"date":"2023-05-15T12:34:32","date_gmt":"2023-05-15T12:34:32","guid":{"rendered":"https:\/\/gkp.org.rs\/?p=3422"},"modified":"2023-05-15T12:34:32","modified_gmt":"2023-05-15T12:34:32","slug":"video-stanar-organizacije-civilnog-drustva-izmedju-partija-vlasti-i-lokalnih-zajednica","status":"publish","type":"post","link":"https:\/\/gkp.org.rs\/fr\/javna-predavanja\/video-stanar-organizacije-civilnog-drustva-izmedju-partija-vlasti-i-lokalnih-zajednica\/","title":{"rendered":"Video STANAR: Organizacije civilnog dru\u0161tva izme\u0111u partija, vlasti i lokalnih zajednica"},"content":{"rendered":"<p>Mesni forum: <strong>Organizacije civilnog dru\u0161tva izme\u0111u partija, vlasti i lokalnih zajednica <\/strong><\/p>\n<p>Gost-predava\u010d:<strong> Ivan \u017divkov<\/strong>, sociolog, Gra\u0111anski preokret, Zrenjanin<\/p>\n<p><iframe loading=\"lazy\" title=\"Forum: Organizacije civilnog dru\u0161tva izme\u0111u partija, vlasti i lokalnih zajednica\" width=\"900\" height=\"506\" src=\"https:\/\/www.youtube.com\/embed\/5omQZAVLsjo?feature=oembed\" frameborder=\"0\" allow=\"accelerometer; autoplay; clipboard-write; encrypted-media; gyroscope; picture-in-picture; web-share\" allowfullscreen><\/iframe><\/p>\n<p>Dijagnoza koju smo imali priliku da \u010dujemo neposredno pre rata u Ukrajini je ona da projekat civilnog dru\u0161tva nije uspeo u Srbiji, ali da je Srbija iznedrila ne\u0161to \u0161to mo\u017eda bolje predstavlja autenti\u010dne potrebe njenih gra\u0111ana. U pitanju su bile neformalne gra\u0111anske inicijative koje su se po\u010dele pojavljivati nakon protesta u Savamali. Me\u0111utim, kao \u0161to ni jedan ve\u0107i protest nakon tog nije prolazio bez u\u010de\u0161\u0107a opozicionih politi\u010dkih stranaka, tako se i put neformalnih inicijativa, i pored svih kritika i odbijanja partijske politike, dovr\u0161io u strana\u010dkim formacijama, bile one formalno konstituisane kao partije ili ne. Izborne liste za vlast u jedinicama lokalne samouprave vi\u0111ene su kao svrha i jedini smisao politi\u010dkog organizovanja ljudi, po\u0161to se vlast do\u017eivljava kao jedini na\u010din da se promene uslovi u kojima ljudi \u017eive i rade u ovoj zemlji. Civilno dru\u0161tvo kao da je prepu\u0161teno samo sebi, po\u0161to ni mediji ne pokazuju vi\u0161e interes za njegov rad. U okviru ovog videa mo\u017eete videti stav aktera civilnog dru\u0161tva iz Zrenjanina i Novog Sada.<\/p>\n<p>Ovaj forum i radionica su organizovani u okviru projekta \u201eJa\u010danje lokalne participacije u politi\u010dkim procesima\u201c koji podr\u017eava <em>Nacionalna zadu\u017ebina za demokratiju<\/em> i <em>Fondacija Hajnrih Bel \u2013 predstavni\u0161tvo Beograd<\/em>.<\/p>\n<p>Produkcija videa: GKP<\/p>\n<p>April, 2023.<\/p>\n","protected":false},"excerpt":{"rendered":"<p>Mesni forum: Organizacije civilnog dru\u0161tva izme\u0111u partija, vlasti i lokalnih zajednica Gost-predava\u010d: Ivan \u017divkov, sociolog, Gra\u0111anski preokret, Zrenjanin Dijagnoza koju smo imali priliku da \u010dujemo neposredno pre rata u Ukrajini je ona da projekat civilnog dru\u0161tva nije uspeo u Srbiji, [&hellip;]<\/p>\n","protected":false},"author":9,"featured_media":3423,"comment_status":"open","ping_status":"open","sticky":false,"template":"","format":"standard","meta":{"footnotes":""},"categories":[39,48,37,42],"tags":[],"jetpack_sharing_enabled":true,"jetpack_featured_media_url":"https:\/\/gkp.org.rs\/wp-content\/uploads\/2023\/05\/vlcsnap-2023-05-15-13h16m40s585.png","_links":{"self":[{"href":"https:\/\/gkp.org.rs\/fr\/wp-json\/wp\/v2\/posts\/3422"}],"collection":[{"href":"https:\/\/gkp.org.rs\/fr\/wp-json\/wp\/v2\/posts"}],"about":[{"href":"https:\/\/gkp.org.rs\/fr\/wp-json\/wp\/v2\/types\/post"}],"author":[{"embeddable":true,"href":"https:\/\/gkp.org.rs\/fr\/wp-json\/wp\/v2\/users\/9"}],"replies":[{"embeddable":true,"href":"https:\/\/gkp.org.rs\/fr\/wp-json\/wp\/v2\/comments?post=3422"}],"version-history":[{"count":1,"href":"https:\/\/gkp.org.rs\/fr\/wp-json\/wp\/v2\/posts\/3422\/revisions"}],"predecessor-version":[{"id":3424,"href":"https:\/\/gkp.org.rs\/fr\/wp-json\/wp\/v2\/posts\/3422\/revisions\/3424"}],"wp:featuredmedia":[{"embeddable":true,"href":"https:\/\/gkp.org.rs\/fr\/wp-json\/wp\/v2\/media\/3423"}],"wp:attachment":[{"href":"https:\/\/gkp.org.rs\/fr\/wp-json\/wp\/v2\/media?parent=3422"}],"wp:term":[{"taxonomy":"category","embeddable":true,"href":"https:\/\/gkp.org.rs\/fr\/wp-json\/wp\/v2\/categories?post=3422"},{"taxonomy":"post_tag","embeddable":true,"href":"https:\/\/gkp.org.rs\/fr\/wp-json\/wp\/v2\/tags?post=3422"}],"curies":[{"name":"wp","href":"https:\/\/api.w.org\/{rel}","templated":true}]}}