{"id":3284,"date":"2022-05-11T15:38:33","date_gmt":"2022-05-11T15:38:33","guid":{"rendered":"https:\/\/gkp.org.rs\/?p=3284"},"modified":"2026-02-17T14:02:57","modified_gmt":"2026-02-17T14:02:57","slug":"sta-su-zajednice-u-nastajanju","status":"publish","type":"post","link":"https:\/\/gkp.org.rs\/fr\/radionice\/sta-su-zajednice-u-nastajanju\/","title":{"rendered":"ERASMUS+ obrazovanje odraslih: Zajednice u nastajanju"},"content":{"rendered":"<p class=\"western\"><span style=\"color: #000000;\"><span style=\"font-family: Times New Roman, serif;\"><span style=\"font-size: large;\"><span lang=\"sr-Latn\"><b>\u0160ta su zajednice u nastajanju?<\/b><\/span><\/span><\/span><\/span><\/p>\n<p class=\"western\"><span style=\"color: #000000;\"><span style=\"font-family: Times New Roman, serif;\"><span lang=\"sr-Latn\">Projekat slo\u017eenog naziva \u2013 <\/span><\/span><span style=\"font-family: Times New Roman, serif;\"><span lang=\"sr-Latn\"><i><b>Zajednice u nastajanju: Osna\u017eivanje za dru\u0161tveni anga\u017eman, samoorganizaciju i razvoj lokalnih re\u0161enja<\/b><\/i><\/span><\/span><span style=\"font-family: Times New Roman, serif;\"><span lang=\"sr-Latn\"> \u2013 osmi\u0161ljene je i prihva\u0107en od strane programa Evropske komisije, ERASMUS + KA220 i podrazumeva mobilnost u\u010desnika u cilju razmene iskustava na nivou Evropske unije. Glavni, a to zna\u010di i dugoro\u010dni cilj koji sebi postavljamo ovim projektom je samo na prvi pogled pretnciozan: osna\u017eiti dru\u0161tveni anga\u017eman i aktivno u\u010de\u0161\u0107e gra\u0111ana u socijalnim, ekolo\u0161kim i politi\u010dkim procesima, a u smislu njihove odr\u017eivosti i ekonomskim, koji se iz perpsektive organizacija civilnog dru\u0161tva ne svode nu\u017eno i na tr\u017ei\u0161ne. <\/span><\/span><\/span><\/p>\n<p class=\"western\"><span style=\"color: #000000;\"><span style=\"font-family: Times New Roman, serif;\"><span lang=\"sr-Latn\">Globalna ekonomska i politi\u010dka kriza upravljanja dru\u0161tvima koja rezultira neodr\u017eivim na\u010dinom \u017eivota, rastom socijalno-ekonomskih nejednakosti, razvojem nehumanih i nedemokratskim politikama, klimatskim promenama, kao i manjak kriti\u010dkog mi\u0161ljenja te op\u0161ti ose\u0107aj neizvesnosti i nesigurnosti bila je kontekst u kojem smo postavili ovaj clj, ali su tokom trajanja projektnih aktivnosti svet pogodile dve katastrofe. Najpre pandemija COVID-19, a u toku nje Evropu je pogodio i rat u Ukrajini. Kompleksnost krize na koju smo referisali pretvorila se u njenu brutalnost. Kontekst u kojem nastavljamo sa na\u0161im radom, a to je pre svega povezivanje u poku\u0161aju zajedni\u010dkog delovanja, determini\u0161e na\u0161e aktivnosti koliko i refleksije kojima ih nastojimo realizovati. Pitanje mira postaje ugrentno i na novi na\u010din osvetljava na\u0161u ambiciju da ohrabrimo ljude na odr\u017eiviji na\u010din \u017eivota. Ono \u0161to nas sve zabrinjava je pitanje koje se name\u0107e: svedo\u010dimo li kraju demokratije i univerzalnih prava ljudi, i da li mi mo\u017eemo uraditi bilo \u0161ta da to spre\u010dimo?<\/span><\/span><\/span><\/p>\n<p class=\"western\"><span style=\"color: #000000;\"><span style=\"font-family: Times New Roman, serif;\"><span lang=\"sr-Latn\">Potreba za tim postoji i ona je ugra\u0111ena u osnove projekta <\/span><\/span><span style=\"font-family: Times New Roman, serif;\"><span lang=\"sr-Latn\"><i>Zajednice u nastajanju<\/i><\/span><\/span><span style=\"font-family: Times New Roman, serif;\"><span lang=\"sr-Latn\">, i najpre se manifestuje kroz upoznavanje i povezivanje organizacija civilnog dru\u0161tva i <\/span><\/span><span style=\"font-family: Times New Roman, serif;\"><span lang=\"sr-Latn\"><i>grassroot<\/i><\/span><\/span><span style=\"font-family: Times New Roman, serif;\"><span lang=\"sr-Latn\"> organizacija na evropskom nivou, njihovih mre\u017ea, projekata, inicijativa i zajednica. Mo\u017eemo li se povezati tako da razvijemo mre\u017ee me\u0111usobne podr\u0161ke naspram rastu\u0107ih pritisaka koje na civilno dru\u0161tvo u svakom smislu vr\u0161e vlasti svake od zemalja iz kojih dolaze organizacije-u\u010desnice ovog projekta? Kako, kao organizovani i udru\u017eeni ljudi, delujemo lokalno u globalizovanom svetu i \u0161ta to zna\u010di za aktivizam i civilno dru\u0161tvo? Postoji li entuzijazam na strani ljudi i da li smo, najpre mi sami, spremni da otvorimo i problemati\u010dna pitanja funkcionisanja samih organizacija civilnog dru\u0161tva i na\u0161ih praksi u politi\u010dkom sistemu koji nam, sada je sasvim izvesno, nije naklonjen, budu\u0107i da je politika civilnog dru\u0161tva u svojoj biti mirovna politika? Ali mo\u017ee li se civilno dru\u0161tvo danas zalo\u017eiti se za mir u okru\u017eenju dr\u017eavnog rata koji uru\u0161ava univerzalne vrednosti i me\u0111unarodni poredak demokratskih institucija i vrednosti? Ovo samo su neka od pitanja za koja moramo napraviti prostora ukoliko mislimo da je povezivanje i zajedni\u010dki rad mogu\u0107.<\/span><\/span><\/span><\/p>\n<p class=\"western\"><span style=\"color: #000000;\"><span style=\"font-family: Times New Roman, serif;\"><span lang=\"sr-Latn\">U tom smislu, cilj projekta je direktno vezan za potrebe koje delimo, a koje se ti\u010du pobolj\u0161anja ste\u010denih znanja, ve\u0161tina i kapaciteta u odnosu na odr\u017eivost praksi organizovanja, saradnje i zajedni\u0161tva u okviru polja gra\u0111anskog u\u010de\u0161\u0107a u politi\u010dkim procesima odlu\u010divanja, a zatim i komunalne problematike, socijalnog stanovanja, alternativnih javnih prostora, razvoja lokalnih re\u0161enja za socijalnu uklju\u010denost posebno migranata i izbeglica, samo-zaposlenje, itd.<\/span><\/span><\/span><\/p>\n<p class=\"western\"><span style=\"color: #000000;\"><span style=\"font-family: Times New Roman, serif;\"><span lang=\"sr-Latn\">Projekat <\/span><\/span><span style=\"font-family: Times New Roman, serif;\"><span lang=\"sr-Latn\"><i>Zajednice u nastajanju<\/i><\/span><\/span><span style=\"font-family: Times New Roman, serif;\"><span lang=\"sr-Latn\"> okuplja organizacije iz Nema\u010dke, Gr\u010dke, Italije, \u0160panije, Danske i Srbije i ovde \u0107emo ih ukratko predstaviti:<\/span><\/span><\/span><\/p>\n<p class=\"western\"><span style=\"color: #000000;\"><a style=\"color: #000000;\" href=\"https:\/\/www.inwole.de\/\"><span style=\"font-family: Times New Roman, serif;\"><span lang=\"sr-Latn\"><b>Project House Potsdam \u2013 <\/b><\/span><\/span><span style=\"font-family: Times New Roman, serif;\"><span lang=\"sr-Latn\"><b>Inwole<\/b><\/span><\/span><\/a><span style=\"font-family: Times New Roman, serif;\"><span lang=\"sr-Latn\"><b> (Potsdam, Nema\u010dka)<\/b><\/span><\/span><span style=\"font-family: Times New Roman, serif;\"><span lang=\"sr-Latn\"> je nevladina organizacija koja ima za cilj podsticanje inovativnih oblika stanovanja. Deluje na polju odr\u017eivog razvoja, politi\u010dkog obrazovanja i stanovanja. Udru\u017eenje od 2005. godine vodi jedinstveni centar u svom prostoru u Potsdam-Babelsbergu i deo je mre\u017ee organizacija u celoj Nema\u010dkoj (Mietsh\u00e4user Syndikat) koja omogu\u0107uje podr\u0161ku za kupovinu stambenih prostora u kolektivnom vlasni\u0161tvu. Danas ova organizaciju Potsdama ima tri ku\u0107e u kolektivnom vlasni\u0161tvu u kojima se kombinuje kolektivno stanovanje i zajedni\u010dki rad.<\/span><\/span><\/span><\/p>\n<p class=\"western\"><span style=\"color: #000000;\"><span style=\"font-family: Times New Roman, serif;\"><span lang=\"sr-Latn\"><b><a style=\"color: #000000;\" href=\"http:\/\/www.italiachecambia\/\">Italia che Cambia<\/a> <\/b><\/span><\/span><span style=\"font-family: Times New Roman, serif;\"><span lang=\"sr-Latn\">(<\/span><\/span><span style=\"font-family: Times New Roman, serif;\"><span lang=\"sr-Latn\"><i>Italy in change<\/i><\/span><\/span><span style=\"font-family: Times New Roman, serif;\"><span lang=\"sr-Latn\">)<\/span><\/span><b> <\/b><span style=\"font-family: Times New Roman, serif;\"><span lang=\"sr-Latn\">je platforma za umre\u017eavanje i digitalni medij koji okuplja razli\u010dite projekte u oblasti odr\u017eivog razvoja. Ova grupa od oko deset novinara iz razli\u010ditih delova Italije bele\u017ei razli\u010dite projekte, grupe i inicijative u Italiji, pravi video izve\u0161taje i \u010dlanke o njima i njihovim aktivnostima i stavlja ih na zajedni\u010dku mapu, \u010dinec\u0301i ih vidljivijim i bolje povezanim.<\/span><\/span><\/span><\/p>\n<p class=\"western\"><span style=\"color: #000000;\"><span style=\"font-family: Times New Roman, serif;\"><span lang=\"sr-Latn\"><b><a style=\"color: #000000;\" href=\"https:\/\/www.imwandel.net\/\">ImWandel Berlin<\/a> <\/b><\/span><\/span><span style=\"font-family: Times New Roman, serif;\"><span lang=\"sr-Latn\">(<\/span><\/span><span style=\"font-family: Times New Roman, serif;\"><span lang=\"sr-Latn\"><i>Berlin in change<\/i><\/span><\/span><span style=\"font-family: Times New Roman, serif;\"><span lang=\"sr-Latn\">) tako\u0111e je platforma za umre\u017eavanje i digitalni medij koji okuplja razli\u010dite projekte u oblasti odr\u017eivog razvoja. Delimi\u010dno je proiza\u0161la iz Italia che Cambia, \u010diji je model implementirala u regionu Berlina i Brandenburga u Nema\u010dkoj.<\/span><\/span><\/span><\/p>\n<p class=\"western\"><span style=\"color: #000000;\"><span style=\"font-family: Times New Roman, serif;\"><span lang=\"sr-Latn\"><b><a style=\"color: #000000;\" href=\"https:\/\/communitism.space\/\">Communitism<\/a> (Atina, Gr\u010dka)<\/b><\/span><\/span><span style=\"font-family: Times New Roman, serif;\"><span lang=\"sr-Latn\"> je dru\u0161tveni i kulturni centar u Atini osnovan 2018. godine, koji se bavi razli\u010ditim temama: nezavisnom kulturnom produkcijom, zbrinjavanjem izbeglica, stanovanjem i dru\u0161tvenim razvojem u Atini. Centar je istovremeno svojim radom obnovio i sa\u010duvao prostor biv\u0161e fabrike tekstila. Cilj im je da razviju odr\u017eiv model dru\u0161tvene kohezije svog kom\u0161iluka, \u0161to bi moglo da obezbedi odr\u017eivo stanovanje, samo-zaposlenje, nekomercijalni kulturni sadr\u017eaj, itd.<\/span><\/span><\/span><\/p>\n<p class=\"western\"><span style=\"color: #000000;\"><span style=\"font-family: Times New Roman, serif;\"><span lang=\"sr-Latn\"><b><a style=\"color: #000000;\" href=\"http:\/\/ethosngo.org\/\">Ethos<\/a> (Solun, Gr\u010dka) <\/b><\/span><\/span><span style=\"font-family: Times New Roman, serif;\"><span lang=\"sr-Latn\">je udru\u017eenje koje radi na zbrinjavanju izbeglica i migranata, ali i na odr\u017eivom razvoju, socijalnom preduzetni\u0161tvu i sl. Tako\u0111e u\u010destvuje u mnogim drugim projektima sa drugim grupama (jedna od njih je <\/span><\/span><span style=\"font-family: Times New Roman, serif;\"><span lang=\"sr-Latn\"><i>Pervolarides<\/i><\/span><\/span><span style=\"font-family: Times New Roman, serif;\"><span lang=\"sr-Latn\">), kao \u0161to su urbane ba\u0161te, deljenje hrane (sakupljanje proizvoda pred istek roka za kori\u0161\u0107enje iz supermarketa i koriste ih za kuvanje), itd. <\/span><\/span><\/span><\/p>\n<p class=\"western\"><span style=\"color: #000000;\"><span style=\"font-family: Times New Roman, serif;\"><span lang=\"sr-Latn\"><b>Ethos (Danska)<\/b><\/span><\/span><span style=\"font-family: Times New Roman, serif;\"><span lang=\"sr-Latn\"> \u2013 Udru\u017eenje Ethos iz Gr\u010dke je neka vrsta \u201eogranka\u201c danskog Ethosa, koja je jedno malo udru\u017eenje, ali sa du\u017eom istorijom projektnog rada na polju <\/span><\/span><span style=\"font-family: Times New Roman, serif;\"><span lang=\"sr-Latn\"><i>dru\u0161tvenog razvoja<\/i><\/span><\/span><span style=\"font-family: Times New Roman, serif;\"><span lang=\"sr-Latn\">. Ethos je tako\u0111e osnovao nekoliko dru\u0161tvenih preduzec\u0301a u Indiji, koja su svoj rad zasnivala na kori\u0161c\u0301enju lokalnih resursa, ve\u0161tinama ljudi u lokalu, po\u0161tenoj i jednakoj raspodeli zarade i razvoju proizvoda za zapadna tr\u017ei\u0161ta.<\/span><\/span><\/span><\/p>\n<p class=\"western\"><span style=\"color: #000000;\"><span style=\"font-family: Times New Roman, serif;\"><span lang=\"sr-Latn\"><b><a style=\"color: #000000;\" href=\"http:\/\/www.openculturalcenter.org\/\">Open Cultural Center<\/a> (OCC), (Barselona, \u0160panija) <\/b><\/span><\/span><span style=\"font-family: Times New Roman, serif;\"><span lang=\"sr-Latn\">je neprofitna organizacija sa sedi\u0161tem u Barseloni koja radi na uklju\u010divanju izbeglica, migranata i azilanata u dru\u0161tvo, kroz neformalno obrazovanje za decu i odrasle izbeglice, kroz uklju\u010denje u proces rada, kroz rad sa mladim izbeglicama na nihovoj mobilnosti, i kroz interkulturalnost i negovanje vi\u0161ejezi\u010dnosti.<\/span><\/span><\/span><\/p>\n<p class=\"western\"><span style=\"color: #000000;\"><span style=\"font-family: Times New Roman, serif;\"><span lang=\"sr-Latn\"><b><a style=\"color: #000000;\" href=\"https:\/\/www.gkp.org.rs\/\">Grupa za konceptualnu politiku \u2013 GKP<\/a> (Novi Sad, <\/b><\/span><\/span><span style=\"font-family: Times New Roman, serif;\"><span lang=\"sr-Latn\"><b>Serbia) <\/b><\/span><\/span><span style=\"font-family: Times New Roman, serif;\"><span lang=\"sr-Latn\">je udru\u017eenje gra\u0111ana koje je od 2011. godine aktivno na polju lokalnih politika, kao i <\/span><\/span><span style=\"font-family: Times New Roman, serif;\"><span lang=\"sr-Latn-CS\">u oblasti razvoja samoupravljanja, demokratije i zagovara neophodnost <\/span><\/span><span style=\"font-family: Times New Roman, serif;\"><span lang=\"sr-Latn-CS\"><i>nove politike <\/i><\/span><\/span><span style=\"font-family: Times New Roman, serif;\"><span lang=\"sr-Latn\"><i>civilnog dru\u0161tva<\/i><\/span><\/span> <span style=\"font-family: Times New Roman, serif;\"><span lang=\"sr-Latn-CS\">u Srbiji i \u0161ire. GKP pospe\u0161uje autonomno politi\u010dko organizovanje i neposredno u\u010de\u0161\u0107e u upravljanju i odlu\u010divanju u stvarima od zajedni\u010dkog i javnog interesa u lokalnim zajednicama. GKP je pokrenulo vi\u0161e inicijativa, poput <\/span><\/span><span style=\"font-family: Times New Roman, serif;\"><span lang=\"sr-Latn-CS\"><i>Inicijative za lokalnu samoupravu<\/i><\/span><\/span><span style=\"font-family: Times New Roman, serif;\"><span lang=\"sr-Latn-CS\"> i njeno glasilo Bilten STANAR, i kampanje za gra\u0111anske izbore za mesne zajednice u Novom Sadu na osnovu koje zapo\u010dinje ciklus zagovaranja za o\u010duvanje gra\u0111anskog karaktera mesne samouprave u Srbiji i biv\u0161em jugoslovenskom regionu. Udru\u017eenje je sve vi\u0161e posve\u0107eno istra\u017eivanju \u0161ta bi danas bila mirovna politika na strani ljudi i njihov politi\u010dki kapacitet naspram politike vlasti i dr\u017eave.<\/span><\/span><\/span><\/p>\n","protected":false},"excerpt":{"rendered":"<p>\u0160ta su zajednice u nastajanju? Projekat slo\u017eenog naziva \u2013 Zajednice u nastajanju: Osna\u017eivanje za dru\u0161tveni anga\u017eman, samoorganizaciju i razvoj lokalnih re\u0161enja \u2013 osmi\u0161ljene je i prihva\u0107en od strane programa Evropske komisije, ERASMUS + KA220 i podrazumeva mobilnost u\u010desnika u cilju [&hellip;]<\/p>\n","protected":false},"author":9,"featured_media":3261,"comment_status":"open","ping_status":"open","sticky":false,"template":"","format":"standard","meta":{"footnotes":""},"categories":[60,37,42],"tags":[],"jetpack_sharing_enabled":true,"jetpack_featured_media_url":"https:\/\/gkp.org.rs\/wp-content\/uploads\/2022\/05\/DSC04085-scaled.jpg","_links":{"self":[{"href":"https:\/\/gkp.org.rs\/fr\/wp-json\/wp\/v2\/posts\/3284"}],"collection":[{"href":"https:\/\/gkp.org.rs\/fr\/wp-json\/wp\/v2\/posts"}],"about":[{"href":"https:\/\/gkp.org.rs\/fr\/wp-json\/wp\/v2\/types\/post"}],"author":[{"embeddable":true,"href":"https:\/\/gkp.org.rs\/fr\/wp-json\/wp\/v2\/users\/9"}],"replies":[{"embeddable":true,"href":"https:\/\/gkp.org.rs\/fr\/wp-json\/wp\/v2\/comments?post=3284"}],"version-history":[{"count":2,"href":"https:\/\/gkp.org.rs\/fr\/wp-json\/wp\/v2\/posts\/3284\/revisions"}],"predecessor-version":[{"id":3696,"href":"https:\/\/gkp.org.rs\/fr\/wp-json\/wp\/v2\/posts\/3284\/revisions\/3696"}],"wp:featuredmedia":[{"embeddable":true,"href":"https:\/\/gkp.org.rs\/fr\/wp-json\/wp\/v2\/media\/3261"}],"wp:attachment":[{"href":"https:\/\/gkp.org.rs\/fr\/wp-json\/wp\/v2\/media?parent=3284"}],"wp:term":[{"taxonomy":"category","embeddable":true,"href":"https:\/\/gkp.org.rs\/fr\/wp-json\/wp\/v2\/categories?post=3284"},{"taxonomy":"post_tag","embeddable":true,"href":"https:\/\/gkp.org.rs\/fr\/wp-json\/wp\/v2\/tags?post=3284"}],"curies":[{"name":"wp","href":"https:\/\/api.w.org\/{rel}","templated":true}]}}