{"id":2323,"date":"2019-06-19T21:01:07","date_gmt":"2019-06-19T21:01:07","guid":{"rendered":"https:\/\/gkp.org.rs\/?p=2323"},"modified":"2020-03-30T12:26:39","modified_gmt":"2020-03-30T12:26:39","slug":"raskid-sporazuma-sa-narodom","status":"publish","type":"post","link":"https:\/\/gkp.org.rs\/fr\/lokalne-politike-i-urbana-samouprava\/raskid-sporazuma-sa-narodom\/","title":{"rendered":"Raskid Sporazuma sa narodom"},"content":{"rendered":"<p align=\"CENTER\"><span style=\"color: #000000;\"><i>Na\u017ealost, govori\u0107e se i o nekima od vas, i o svakom od nas, na skup\u0161tini stranke. Neki \u0107e dobrovoljno da odu sa svojih funkcija, neki ne\u0107e dobrovoljno. Prirodno je da u jednoj politi\u010dkoj stranci dolazi do promena i da osloba\u0111amo prostor za neke druge ljude. Ovo sam rekao da ne biste bili iznena\u0111eni promenama koje slede.<\/i><\/span><\/p>\n<p><span style=\"color: #000000;\">Na raskid ugovora sa narodom, Vu\u010di\u0107 odgovara raskidom ugovora sa saborcima, koje \u0107e, kako najavljuje, zameniti novi. Mla\u0111i, borbeniji i, pretpostavljamo, naivniji ljudi. Lojalnost vi\u0161e nije na ceni jer se i ne o\u010dekuje. Vlast je nemogu\u0107e odr\u017eati jer je postalo nemogu\u0107e pomo\u0107i onima koji se sada sami snalaze u borbi za goli \u017eivot. Nije u pitanju <i>Homo Sacer<\/i>, ve\u0107 samo \u017eivot na slobodi. A \u0161to se borbe ti\u010de, u pitanju je rat koji se vodi protiv naroda: nasilje lokalnih vo\u0111a se suo\u010dilo sa solidarno\u0161\u0107u ljudi koji staju pred zakon, i koji se pred njima kona\u010dno povla\u010di. Zakon, koji je trebalo da olak\u0161a rad onima koji su sada napu\u0161teni. Zdru\u017eena akcija Za krov nad glavom svojim akcijama spre\u010dava ne samo iseljenja, ve\u0107 i zakonske odredbe koje se i nje same ti\u010du. Ipak ne\u0107e biti dozvoljeno hap\u0161enje ljudi koji se solidari\u0161u. Nezavisni novinari su pokazali da se solidarno\u0161\u0107u mo\u017ee zakon usmeriti i protiv pritisaka na medije i novinare \u010dije se i ku\u0107e pale. \u017dene su to isto u\u010dinile protiv op\u0161tinskih uznemiriva\u010da i osoblja koje ih \u0107utke podr\u017eava. \u0110aci u tome jo\u0161 ne uspevaju, ali zato ministar prosvete tra\u017ei tajm-aut i nudi ostavku svojim \u0161efovima, na koju ovi mo\u017eda i pristanu.<\/span><\/p>\n<p><span style=\"color: #000000;\">Nema se snage, a ni volje, da se spasava neko \u010dije usluge vi\u0161e nisu potrebne. Izbori su, izgleda, prepu\u0161teni fer uslovima, ali koji, rekli bismo, nisu izboreni protestima. Iako su trgli opoziciju, krila je morala pozajmiti od nekog drugog i to je ne\u0107e spre\u010diti da nam u ime zahvalnosti uzvrati iluzijom da smo ba\u0161 mi tome doprineli. Tu iluziju \u0107emo tek imati prilike da razvejavamo. Opozicija sigurno nije spremna da prizna \u0161ta se to zapravo dogodilo, da se na\u0161 predsednik ovako obrati svojim saradnicima i \u010dlanovima partije kojoj pripada i kojima je tako\u0111e predsednik.<\/span><\/p>\n<p><span style=\"color: #000000;\">Iz na\u0161e perspektive, Naprednjake \u0107e smeniti novi i mla\u0111i, oni koji jo\u0161 nemaju zakonskih pretenzija, a to zna\u010di ni kapaciteta da zakonske promene zahtevaju za sebe. No trenutna oseka zakonske i dr\u017eavne podr\u0161ke jo\u0161 uvek mo\u0107nom starom \u010dlanstvu obja\u0161njava nasilje koje se poslednjih nedelja pojavilo. Prebijanje studenata je druga\u010dije od prebijanja funkcionera koja su pokrenula protest \u00ab\u00a01 od 5 miliona\u00a0\u00bb. Ta\u010dnije, funkcioneri i partijski aktivisti su napadani na po\u010detku kampanje Saveza za Srbiju, kada se ra\u010dunalo s tim da je to samo u opisu naprednja\u010dkog aktivisti\u010dkog rada. Opozicioni funkcioneri su prebijani u znak lojalnosti. Danas, me\u0111utim, tuku oni na \u010diju se pomo\u0107 vi\u0161e ne ra\u010duna. Sada je to i re\u010deno: \u201egovori\u0107e se i o nekima od vas\u201d. No Vu\u010di\u0107evu nemo\u0107, slabost iza ovih re\u010di, niko ne nagla\u0161ava. To ne \u010dine ni mediji, ni oni koji nam se preko njih obra\u0107aju. U medijskom prostoru nema mesta za slabe.<\/span><\/p>\n<p><span style=\"color: #000000;\">Me\u0111utim, sa slabo\u0161\u0107u se negde ipak ra\u010duna \u2013 \u010dak vi\u0161e nego sa snagom, koja niti pola\u017ee ra\u010dun, niti ga o\u010dekuje. Ali o njoj se ne govori javno. Ona boravi u <i>prostoru ucena<\/i>, tom starom pregovara\u010dkom arsenalu oru\u017eja na \u010diji monopol niko ne mo\u017ee ra\u010dunati doveka, pa tako ni onaj ko je sada na vlasti. Mislimo da je opozicija po\u010dela pregovore. Protesti su zavr\u0161eni, ali \u0107e se, kako ka\u017eu, pojaviti ponovo. Naravno, ne ka\u017eu i da \u0107e oni tada biti farsa. I bi\u0107e to pred izbore, kada \u0107e se govor zao\u0161triti po drugi put, a ovo, \u0161to se ovih dana dogodilo Jovu Baki\u0107u, bi\u0107e samo njegova zaklju\u010dna re\u010d ciklusa koji je zavr\u0161en, a ne koji \u0107e do\u0107i. Dr\u017eava je zarobljena, kriminalci su je \u0107apili, kaptirali, a momci se tuku od kad su kara\u0111or\u0111evi\u0107i zapo\u010deli svoju monarhisti\u010dku karijeru na lepetu trobojki. Kraljevim ustankom republika je mrtvoro\u0111ena, a ona koju nam je ostavila socijalisti\u010dka Jugoslavija nije pre\u017eivela.<\/span><\/p>\n<p><span style=\"color: #000000;\">Od vijanja po ulicama sre\u0107om ne\u0107e biti ni\u0161ta, ali o protestima, na\u017ealost, vi\u0161e ne\u0107e biti ni govora. Protestna organizacija nije uspela, protesti su propali, a pregovori su, rekosmo, po\u010deli. No nije stvar u pregovorima. Protesti ih ne isklju\u010duju. U pitanju su pregovori ucenama, a za njih \u0107e se mandat tra\u017eiti u protestima, koji pritom vi\u0161e nisu potrebni, kao \u0161to Vu\u010di\u0107u vi\u0161e nisu potrebni problemati\u010dni kadrovi, iako su upravo oni bili zadu\u017eeni za najproblemati\u010dniju stvar u srpskoj politici, a to su izbori. Ba\u0161 takvi kadrovi su bili odgovorni za izbore i \u010dinili ih uspe\u0161nim, ba\u0161 takvim, problemati\u010dnim radnjama koje izgleda vi\u0161e ni Vu\u010di\u0107u ne\u0107e biti potrebne: stranka se pu\u0161ta na \u00ab\u00a0te\u0161ke\u00a0\u00bb, i sada zaista neizvesne izbore jer, nakon slede\u0107e skup\u0161tine SNSa, vi\u0161e ne\u0107e biti onih koji bi ih u\u010dinili izvesnim.<\/span><\/p>\n<p><span style=\"color: #000000;\">Problemati\u010dni kadrovi, lokalni mo\u0107nici, svi oni koji su donosili izbornu pobedu radnjama koje su tek podrazumevane dok se govorilo javno o fer izbornim uslovima, sada su pu\u0161teni niz vodu \u2013 pu\u0161teni da se brane sa slobode od vlasti. Vlast se kona\u010dno rasipa, i to nije nikakva postfordisti\u010dka organizacija koliko raspad sistema koji je nemogu\u0107e odr\u017eati pred zadacima koje treba ispuniti, a iza\u0107i kao po\u0161ten \u010dovek i patriota. Priznanje Kosova \u0107e od sada biti stvar senzibilizacije kadrova i bira\u010da stranke koja se sprema za podmla\u0111ivanje i nov po\u010detak, a koji \u0107e, \u0161to je tako\u0111e prirodno, biti opozicioni. Ima li ispravnijeg po\u010detka od opozicione klupe u Skup\u0161tini? Priznanje po\u0161tenja i ljudskosti podrazumeva\u0107e druge taktike koje \u0107e Vu\u010di\u0107, kao ve\u0107 biv\u0161i predsednik i po\u010dasni \u010dlan podmla\u0111enog SNS-a, morati da upotrebi.<\/span><\/p>\n<p><span style=\"color: #000000;\">\u0160pekulacija? A \u0161ta nam drugo preostaje kada smo isklju\u010deni iz pregovora, kada smo isklju\u010deni iz organizacije protesta, po\u0161to je ona rezervisana za povla\u0161tene uglednike koji su tek usput i lideri nekakvih stranaka, a zapravo sve sami biv\u0161i visoki funkcioneri ove zemlje i glavnog joj grada. Kulturnjaci i novinari koji su bili u tim koordinacionim telima, komitetima (videti koja je re\u010d u pitanju), mo\u017eda i znaju o kakvim nagodbama sa Vu\u010di\u0107em je re\u010d, ali mislimo da njihova uloga u pregovorima nije presudna. Govor o kriminalu i njegovim vezama sa dr\u017eavom \u2013 sad kao sa robija\u0161em ili kapoom, svejedno je \u2013 obele\u017eio je kraj ciklusa op\u0161tim mestima, a \u00ab\u00a0oneobi\u010davanje\u00a0\u00bb \u0107e, kao i obi\u010dno, biti prepu\u0161teno upu\u0107enijima. Evo kad pretpostavljamo da \u0107e opozicioni funkcioneri jednoglasno u\u0107utati o narko kartelima i zasukati rukave da odlaze\u0107em predsedniku pomognu da iza\u0111e iz tog taksija.<\/span><\/p>\n<p><span style=\"color: #000000;\">Jer potrebno je \u010doveku obezbediti miran odlazak sa vlasti, i to je na kraju jedini uslov vladara. Miran i dostojanstven silazak, \u0161to je u osnovi korektna \u017eelja svakog vlastodr\u0161ca, a pogotovo onog koji je spreman da i ubudu\u0107e bude od koristi narodu i dr\u017eavi. Za preptpostaviti je dakle da su se kona\u010dno \u010duli Tadi\u0107 i Vu\u010di\u0107, dva velika sina nacije, i da je koordinator Saveza za Srbiju za obojicu najmanje lo\u0161e, dakle nu\u017eno re\u0161enje, koje i ne ko\u0161ta puno s obzirom na ambiciju da se bude strateg \u010ditavog naroda, a ne samo Beograda.<\/span><\/p>\n<p><span style=\"color: #000000;\">Savez za Srbiju je raskinuo Sporazum sa narodom, a Bo\u0161ko je tu da ga ponese sa sobom, u amanet, i njime povu\u010de sve koji su izigrani u svom bi\u0107u (identitetu i integritetu), ali sa obe\u0107anjem da se okupe u koaliciju koja \u0107e uslediti nakon izbora koji \u0107e, kako je Vu\u010di\u0107 najavio, biti realni. Peta ta\u010dka Sporazuma je izneverena. \u010clanice Saveza za Srbiju (Gordana \u010comi\u0107 i Nata\u0161a Vu\u010dkovi\u0107) su sele, ako ne u klupu, a onda u skup\u0161tinsku stolicu Odbora za pravosu\u0111e, i to je sigurno deo pregovara\u010dkog procesa koji je po\u010deo. Pre njih, ali zato pravo u klupu \u2013 po\u010detni\u010dku, kako rekosmo \u2013 seli su \u010dlanovi SMS-a, i kao da je cilj da sada svi u parlamentu sa\u010dekaju izbore. Ni\u0161ta \u010dudno, za izbore su zapravo i oduvek svi \u00ab\u00a0infrastrukturni\u00a0\u00bb u\u010desnici protesta: svi su tra\u017eili izborne uslove i slobodne medije isklju\u010divo za kampanju. Kampanjska politika, politika kao kampanja, isklju\u010divo izborna kampanja, sve to ostaje jedini prostor ili mesto politike, i ona zato ne mo\u017ee biti politika na strani ljudi, niti politika koju Sylvain Lazarus naziva politikom u interiornosti. Ova podrazumeva politiku kojom re\u0161avamo ne\u0161to me\u0111u nama i ne\u0161to za nas \u2013 same \u2013 a ne za naciju, dru\u0161tvo ili dr\u017eavu, oko \u010dije odgovornosti se onda pletu i svi moralizmi kvazi-etike, iza kojih uglavnom stoje zavere i kalkulacije. Protest je dakle zavr\u0161en, izborna kampanja je po\u010dela.<\/span><\/p>\n<p><span style=\"color: #000000;\"><strong>Zoran Gaji\u0107, Grupa za konceptualnu politiku<\/strong><\/span><\/p>\n<p>Foto: izvor vesti-online (modifikovano)<\/p>\n","protected":false},"excerpt":{"rendered":"<p>Na\u017ealost, govori\u0107e se i o nekima od vas, i o svakom od nas, na skup\u0161tini stranke. Neki \u0107e dobrovoljno da odu sa svojih funkcija, neki ne\u0107e dobrovoljno. Prirodno je da u jednoj politi\u010dkoj stranci dolazi do promena i da osloba\u0111amo [&hellip;]<\/p>\n","protected":false},"author":9,"featured_media":2324,"comment_status":"open","ping_status":"open","sticky":false,"template":"","format":"standard","meta":{"footnotes":""},"categories":[40,37,33],"tags":[],"jetpack_sharing_enabled":true,"jetpack_featured_media_url":"https:\/\/gkp.org.rs\/wp-content\/uploads\/2019\/06\/Za-Zoranov-tekst-raskid-vesti-online.jpg","_links":{"self":[{"href":"https:\/\/gkp.org.rs\/fr\/wp-json\/wp\/v2\/posts\/2323"}],"collection":[{"href":"https:\/\/gkp.org.rs\/fr\/wp-json\/wp\/v2\/posts"}],"about":[{"href":"https:\/\/gkp.org.rs\/fr\/wp-json\/wp\/v2\/types\/post"}],"author":[{"embeddable":true,"href":"https:\/\/gkp.org.rs\/fr\/wp-json\/wp\/v2\/users\/9"}],"replies":[{"embeddable":true,"href":"https:\/\/gkp.org.rs\/fr\/wp-json\/wp\/v2\/comments?post=2323"}],"version-history":[{"count":0,"href":"https:\/\/gkp.org.rs\/fr\/wp-json\/wp\/v2\/posts\/2323\/revisions"}],"wp:featuredmedia":[{"embeddable":true,"href":"https:\/\/gkp.org.rs\/fr\/wp-json\/wp\/v2\/media\/2324"}],"wp:attachment":[{"href":"https:\/\/gkp.org.rs\/fr\/wp-json\/wp\/v2\/media?parent=2323"}],"wp:term":[{"taxonomy":"category","embeddable":true,"href":"https:\/\/gkp.org.rs\/fr\/wp-json\/wp\/v2\/categories?post=2323"},{"taxonomy":"post_tag","embeddable":true,"href":"https:\/\/gkp.org.rs\/fr\/wp-json\/wp\/v2\/tags?post=2323"}],"curies":[{"name":"wp","href":"https:\/\/api.w.org\/{rel}","templated":true}]}}