{"id":1132,"date":"2013-12-09T18:24:00","date_gmt":"2013-12-09T18:24:00","guid":{"rendered":"https:\/\/gkp.org.rs\/?p=1132"},"modified":"2017-12-09T18:28:02","modified_gmt":"2017-12-09T18:28:02","slug":"radionice-o-nadogradnjama-zgrada-sa-arhitektom-lazarom-kuzmanovim","status":"publish","type":"post","link":"https:\/\/gkp.org.rs\/fr\/lokalne-politike-i-urbana-samouprava\/radionice-o-nadogradnjama-zgrada-sa-arhitektom-lazarom-kuzmanovim\/","title":{"rendered":"Radionice o nadogradnjama zgrada sa arhitektom Lazarom Kuzmanovim"},"content":{"rendered":"<p style=\"text-align: justify;\">Radionicu odr\u017eanu 17. decembra 2013. vodio je Lazar Kuzmanov, predsednik skup\u0161tine stanara, arhitekta i bivi\u0161i pokrajinski sekretar za urbanizam. Svojevremeno predsednik dru\u0161tva arhitekata (DANS), a danas vlasnik biroa \u201cKuzmanov and Partners\u201d.<\/p>\n<p style=\"text-align: justify;\">Razgovaralo se i raspravljalo o urbanisti\u010dkim i arhitektonskim standardima i njihovoj ulozi u investicionoj politici. O kakvim uslovima je re\u010d? O urbanisti\u010dko tehni\u010dkim uslovima koji se dobijaju po zahtevu investitora a koji su u skladu sa urbanisti\u010dkim planom. Kako to kod nas funkcioni\u0161e i ima li smisla govoriti o tome u uslovima koji su svima dobro poznati?<\/p>\n<p style=\"text-align: justify;\">Magistarska tema Lazara Kuzmanova ticala se problema nadogradnji. Objekti na Detelinari bili su predmet istra\u017eivanja. Prema generalnom urbanisti\u010dkom planu donet je stav da ravni krovovi nisu karakteristi\u010dni za na\u0161e podru\u010dje. Nadogradnje u ovom gradu su od tada vodile destrukciji urbanisti\u010dkog nasle\u0111a modernisti\u010dke arhitekture koja je odavno prepoznata kao istorijski i kulturolo\u0161ki relevantna. To je samo jedan od problema koji se otvara sa svakom predanijom analizom uslova u kojima se razvija politika jednog dru\u0161tva, pa samim tim i poltika gradnje i stanovanja.<\/p>\n<p style=\"text-align: justify;\">Sa Lazarom Kuzmanovim \u0107emo nastaviti saradnju i razgovore. Namera nam je da organizujemo tribinu i predavanje u narednim mesecima koje \u0107e se odr\u017eati u prostorijama mesnih zajednica na Detelinari i da zajedno sa stanovni\u0161tvom ovih mesnih zajednica otvorimo va\u017ena pitanja koja se ti\u010du stanovanja i odr\u017eavanja stambenih objekata. Svi su pozvani i dobrodo\u0161li.<\/p>\n","protected":false},"excerpt":{"rendered":"<p>Radionicu odr\u017eanu 17. decembra 2013. vodio je Lazar Kuzmanov, predsednik skup\u0161tine stanara, arhitekta i bivi\u0161i pokrajinski sekretar za urbanizam. Svojevremeno predsednik dru\u0161tva arhitekata (DANS), a danas vlasnik biroa \u201cKuzmanov and Partners\u201d.<\/p>\n","protected":false},"author":1,"featured_media":1135,"comment_status":"open","ping_status":"open","sticky":false,"template":"","format":"standard","meta":{"footnotes":""},"categories":[40,42],"tags":[],"jetpack_sharing_enabled":true,"jetpack_featured_media_url":"https:\/\/gkp.org.rs\/wp-content\/uploads\/2013\/12\/Radionica-o-nadogradnjama.jpg","_links":{"self":[{"href":"https:\/\/gkp.org.rs\/fr\/wp-json\/wp\/v2\/posts\/1132"}],"collection":[{"href":"https:\/\/gkp.org.rs\/fr\/wp-json\/wp\/v2\/posts"}],"about":[{"href":"https:\/\/gkp.org.rs\/fr\/wp-json\/wp\/v2\/types\/post"}],"author":[{"embeddable":true,"href":"https:\/\/gkp.org.rs\/fr\/wp-json\/wp\/v2\/users\/1"}],"replies":[{"embeddable":true,"href":"https:\/\/gkp.org.rs\/fr\/wp-json\/wp\/v2\/comments?post=1132"}],"version-history":[{"count":0,"href":"https:\/\/gkp.org.rs\/fr\/wp-json\/wp\/v2\/posts\/1132\/revisions"}],"wp:featuredmedia":[{"embeddable":true,"href":"https:\/\/gkp.org.rs\/fr\/wp-json\/wp\/v2\/media\/1135"}],"wp:attachment":[{"href":"https:\/\/gkp.org.rs\/fr\/wp-json\/wp\/v2\/media?parent=1132"}],"wp:term":[{"taxonomy":"category","embeddable":true,"href":"https:\/\/gkp.org.rs\/fr\/wp-json\/wp\/v2\/categories?post=1132"},{"taxonomy":"post_tag","embeddable":true,"href":"https:\/\/gkp.org.rs\/fr\/wp-json\/wp\/v2\/tags?post=1132"}],"curies":[{"name":"wp","href":"https:\/\/api.w.org\/{rel}","templated":true}]}}