{"id":3473,"date":"2023-10-20T13:02:55","date_gmt":"2023-10-20T13:02:55","guid":{"rendered":"https:\/\/gkp.org.rs\/?p=3473"},"modified":"2023-10-20T13:02:55","modified_gmt":"2023-10-20T13:02:55","slug":"javna-tribina-demokratski-kapacitet-opozicije","status":"publish","type":"post","link":"https:\/\/gkp.org.rs\/en\/mesne-zajednice\/javna-tribina-demokratski-kapacitet-opozicije\/","title":{"rendered":"Javna tribina: DEMOKRATSKI KAPACITET OPOZICIJE"},"content":{"rendered":"<p align=\"left\"><span style=\"font-family: Georgia, serif;\"><span style=\"font-size: medium;\"><b>Utorak, 24. oktobar 2023. u 19h<\/b><\/span><\/span><\/p>\n<p align=\"left\"><span style=\"font-family: Georgia, serif;\"><span style=\"font-size: medium;\">Media Hub NDNV-a<\/span><\/span><\/p>\n<p align=\"left\"><span style=\"font-family: Georgia, serif;\"><span style=\"font-size: medium;\">Sutjeska 2, SPENS, Novi Sad<\/span><\/span><\/p>\n<p align=\"left\"><span style=\"font-family: Georgia, serif;\"><span style=\"font-size: medium;\">Na tribini u\u010destvuju:<\/span><\/span><\/p>\n<p align=\"left\"><span style=\"font-family: Georgia, serif;\"><span style=\"font-size: medium;\"><b>Ivana Mara\u0161<\/b><\/span><\/span><span style=\"font-family: Georgia, serif;\"><span style=\"font-size: medium;\">, \u010dlanica novosadskog odbora Zeleno-levog fronta<\/span><\/span><\/p>\n<p align=\"left\"><span style=\"font-family: Georgia, serif;\"><span style=\"font-size: medium;\"><b>Aleksandar Lazarevi\u0107<\/b><\/span><\/span><span style=\"font-family: Georgia, serif;\"><span style=\"font-size: medium;\">, \u010dlan gra\u0111anskog pokreta Bravo!<\/span><\/span><\/p>\n<p align=\"left\"><span style=\"font-family: Georgia, serif;\"><span style=\"font-size: medium;\"><b>Radivoje Jovovi\u0107<\/b><\/span><\/span><span style=\"font-family: Georgia, serif;\"><span style=\"font-size: medium;\">, kopredsednik novosadskog odbora Zajedno<\/span><\/span><\/p>\n<p align=\"left\"><span style=\"font-family: Georgia, serif;\"><span style=\"font-size: medium;\"><b>Veljko Krstono\u0161i\u0107<\/b><\/span><\/span><span style=\"font-family: Georgia, serif;\"><span style=\"font-size: medium;\">, predsednik novosadskog odbora Demokratske stranke<\/span><\/span><\/p>\n<p align=\"left\"><span style=\"font-family: Georgia, serif;\"><span style=\"font-size: medium;\">Razgovor moderira <\/span><\/span><span style=\"font-family: Georgia, serif;\"><span style=\"font-size: medium;\"><b>Dalibor Stupar<\/b><\/span><\/span><span style=\"font-family: Georgia, serif;\"><span style=\"font-size: medium;\">, novinar Autonomija! i VOICE portala<\/span><\/span><\/p>\n<p align=\"left\"><span style=\"font-family: Georgia, serif;\"><span style=\"font-size: medium;\">Za gra\u0111ane i opozicione stranke u Novom Sadu vanredni lokalni izbori po svemu sude\u0107i ne\u0107e biti na stolu ove zime, a to zna\u010di da je smena naprednja\u010dke vlasti na \u010dekanju do redovnih lokalnih izbora. Da li Novosa\u0111ani <\/span><\/span><span style=\"font-family: Georgia, serif;\"><span style=\"font-size: medium;\">i Novosa\u0111anke <\/span><\/span><span style=\"font-family: Georgia, serif;\"><span style=\"font-size: medium;\">dobijaju ili gube na vremenu, ako proteste treba smatrati autenti\u010dnim izrazom nezadovoljstva vladaju\u0107om koalicijom?<\/span><\/span><\/p>\n<p align=\"left\"><span style=\"font-family: Georgia, serif;\"><span style=\"font-size: medium;\">Redovni lokalni izbori su idu\u0107e godine, a za savete mesnih zajednica gra\u0111ani \u0107e glasati tek 2025, po redovnoj proceduri. Vanredni izbori, simulacija vanrednog stanja i ve\u0161ta\u010dko izazivanje najrazli\u010ditijih kriza i afera uzrok su hroni\u010dne slabosti politi\u010dkog kapaciteta ljudi u svakoj zemlji, pa tako i u Srbiji. Sve reforme koje su uslov pridru\u017eivanja EU se zaustavljaju i to je zvani\u010dno mi\u0161ljenje u Izve\u0161tajima Evropske komisije. <\/span><\/span><\/p>\n<p align=\"left\"><span style=\"font-family: Georgia, serif;\"><span style=\"font-size: medium;\">Kako god, Novosa\u0111ani i Novosa\u0111anke imaju vremena da se za njih pripreme, ali da li i znaju \u0161ta treba o\u010dekivati od lokalnih i izbora za savete mesnih zajednica? <\/span><\/span><\/p>\n<p align=\"left\"><span style=\"font-family: Georgia, serif;\"><span style=\"font-size: medium;\">Pitanje koje postavljamo je da li je u neprestanoj izbornoj kampanji mogu\u0107e raditi na odbrani politi\u010dkog prava gra\u0111ana na neposredno u\u010de\u0161\u0107e u lokalnoj samoupravi i bez osvajanja vlasti. Tu pre svega mislimo na neophodnost o\u010duvanja gra\u0111anskog karaktera mesne samouprave koju je aktuelna vlast dovela do kolapsa novim regulativama i partijskim opsedanjem mesnih zajednica. Ako odlu\u010de da se kandiduju na narednim izborima za savete mesnih zajednica, kom\u0161ije ne\u0107e imati pravo na nezavisnog posmatra\u010da, a vrlo je verovatno da \u0107e biti uslovljeni da prave izborne liste. Da li gra\u0111ani i opozicione partije mogu da urade bilo \u0161ta da spre\u010de uru\u0161avanje ovog civilnog i demokratskog prostora? Imaju li opozicione politi\u010dke partije kapaciteta i interesa da brane pravo na neposredno u\u010de\u0161\u0107e u politi\u010dkom \u017eivotu ili je naprednja\u010dka logika i usmerenost isklju\u010divo na sebe, na svoju organizaciju i vlast potpuno promenila politi\u010dku kulturu u Srbiji?<\/span><\/span><\/p>\n<p align=\"left\"><span style=\"font-family: Georgia, serif;\"><span style=\"font-size: medium;\">Tribinu organizuje <\/span><\/span><span style=\"font-family: Georgia, serif;\"><span style=\"font-size: medium;\">udru\u017eenje gra\u0111ana<\/span><\/span> <span style=\"font-family: Georgia, serif;\"><span style=\"font-size: medium;\"><b>Grupa za konceptualnu politiku<\/b><\/span><\/span><span style=\"font-family: Georgia, serif;\"><span style=\"font-size: medium;\"> iz Novog Sada uz podr\u0161ku NDNV-a, Nacionalne zadu\u017ebine za demokratiju i u saradnji sa Fondacijom Hajnrih Bel predstavni\u0161tvo Beograd.<\/span><\/span><\/p>\n","protected":false},"excerpt":{"rendered":"<p>Utorak, 24. oktobar 2023. u 19h Media Hub NDNV-a Sutjeska 2, SPENS, Novi Sad Na tribini u\u010destvuju: Ivana Mara\u0161, \u010dlanica novosadskog odbora Zeleno-levog fronta Aleksandar Lazarevi\u0107, \u010dlan gra\u0111anskog pokreta Bravo! Radivoje Jovovi\u0107, kopredsednik novosadskog odbora Zajedno Veljko Krstono\u0161i\u0107, predsednik novosadskog [&hellip;]<\/p>\n","protected":false},"author":9,"featured_media":3474,"comment_status":"open","ping_status":"open","sticky":false,"template":"","format":"standard","meta":{"footnotes":""},"categories":[47,35,37],"tags":[],"jetpack_sharing_enabled":true,"jetpack_featured_media_url":"https:\/\/gkp.org.rs\/wp-content\/uploads\/2023\/10\/wordpres-NDNV-scaled.jpg","_links":{"self":[{"href":"https:\/\/gkp.org.rs\/en\/wp-json\/wp\/v2\/posts\/3473"}],"collection":[{"href":"https:\/\/gkp.org.rs\/en\/wp-json\/wp\/v2\/posts"}],"about":[{"href":"https:\/\/gkp.org.rs\/en\/wp-json\/wp\/v2\/types\/post"}],"author":[{"embeddable":true,"href":"https:\/\/gkp.org.rs\/en\/wp-json\/wp\/v2\/users\/9"}],"replies":[{"embeddable":true,"href":"https:\/\/gkp.org.rs\/en\/wp-json\/wp\/v2\/comments?post=3473"}],"version-history":[{"count":1,"href":"https:\/\/gkp.org.rs\/en\/wp-json\/wp\/v2\/posts\/3473\/revisions"}],"predecessor-version":[{"id":3475,"href":"https:\/\/gkp.org.rs\/en\/wp-json\/wp\/v2\/posts\/3473\/revisions\/3475"}],"wp:featuredmedia":[{"embeddable":true,"href":"https:\/\/gkp.org.rs\/en\/wp-json\/wp\/v2\/media\/3474"}],"wp:attachment":[{"href":"https:\/\/gkp.org.rs\/en\/wp-json\/wp\/v2\/media?parent=3473"}],"wp:term":[{"taxonomy":"category","embeddable":true,"href":"https:\/\/gkp.org.rs\/en\/wp-json\/wp\/v2\/categories?post=3473"},{"taxonomy":"post_tag","embeddable":true,"href":"https:\/\/gkp.org.rs\/en\/wp-json\/wp\/v2\/tags?post=3473"}],"curies":[{"name":"wp","href":"https:\/\/api.w.org\/{rel}","templated":true}]}}