{"id":3349,"date":"2022-10-04T08:56:35","date_gmt":"2022-10-04T08:56:35","guid":{"rendered":"https:\/\/gkp.org.rs\/?p=3349"},"modified":"2022-10-04T08:56:35","modified_gmt":"2022-10-04T08:56:35","slug":"zoom-tribina-sta-kao-covek-mislis-o-ratu-u-ukrajini","status":"publish","type":"post","link":"https:\/\/gkp.org.rs\/en\/javna-predavanja\/zoom-tribina-sta-kao-covek-mislis-o-ratu-u-ukrajini\/","title":{"rendered":"Zoom tribina: \u0160ta kao \u010dovek misli\u0161 o ratu u Ukrajini?"},"content":{"rendered":"<p class=\"western\"><span style=\"font-family: Times New Roman, serif;\"><span style=\"font-size: medium;\"><span lang=\"sr-Latn-RS\"><b>Zoom tribina: <\/b><\/span><\/span><\/span><span style=\"font-family: Times New Roman, serif;\"><span style=\"font-size: large;\"><span lang=\"sr-Latn-RS\"><b>\u0160ta kao \u010dovek misli\u0161 o ratu u Ukrajini?<\/b><\/span><\/span><\/span><\/p>\n<p class=\"western\"><span style=\"font-family: Times New Roman, serif;\"><span style=\"font-size: medium;\"><span lang=\"sr-Latn-RS\"><b>u \u010detvrtak, 6. oktobar 2022. u 19h<\/b><\/span><\/span><\/span><\/p>\n<p class=\"western\"><span style=\"color: #000000;\"><span style=\"font-family: Times New Roman, serif;\"><span style=\"font-size: medium;\"><span lang=\"sr-Latn-RS\">Link na Zoom <\/span><\/span><\/span><\/span><span style=\"color: #000000;\"><span style=\"font-family: Times New Roman, serif;\"><span style=\"font-size: medium;\"><span lang=\"sr-Latn-RS\">tribinu<\/span><\/span><\/span><\/span><span style=\"color: #000000;\"><span style=\"font-family: Times New Roman, serif;\"><span style=\"font-size: medium;\"><span lang=\"sr-Latn-RS\">: <\/span><\/span><\/span><\/span><span style=\"color: #000000;\"><span style=\"font-family: Times New Roman, serif;\"><span style=\"font-size: medium;\"><span lang=\"sr-Latn-RS\"><a href=\"https:\/\/us02web.zoom.us\/j\/86383908847\">https:\/\/us02web.zoom.us\/j\/86383908847<\/a> <\/span><\/span><\/span><\/span><span style=\"color: #000000;\"><span style=\"font-family: Times New Roman, serif;\"><span style=\"font-size: medium;\"><span lang=\"sr-Latn-RS\">(<\/span><\/span><\/span><\/span><span style=\"color: #000000;\"><span style=\"font-family: Times New Roman, serif;\"><span style=\"font-size: medium;\"><span lang=\"sr-Latn-RS\">ID: 863 8390 8847)<\/span><\/span><\/span><\/span><\/p>\n<p class=\"western\"><span style=\"font-family: Times New Roman, serif;\"><span style=\"font-size: medium;\"><span lang=\"sr-Latn-RS\">Koliko smo u stanju da o ratu govorimo kao ljudi? To zna\u010di da o ratu govorimo bez ambicija da situaciju razumemo i analiziramo kao stru\u010dnjaci za geopoliti\u010dka i vojno-strate\u0161ka pitanja. Iako ba\u0161 tako govorimo nastoje\u0107i da razumemo \u0161ta se doga\u0111a, da li smo bilo \u0161ta u stanju da preduzmemo uz sva saznanja koja mo\u017eemo ste\u0107i? <\/span><\/span><\/span><\/p>\n<p class=\"western\"><span style=\"font-family: Times New Roman, serif;\"><span style=\"font-size: medium;\"><span lang=\"sr-Latn-RS\">Gde se obave\u0161tavamo o ratu i kome verujemo kada o njemu govori ili izve\u0161tava? \u0160ta misle bli\u017enji \u2013 ljudi u na\u0161em neposrednom okru\u017eenju, na\u0161i prijatelji, kolege i saradnici? Ima li govora o ratu u lokalu i \u0161ta bi bio jedan lokalni govor o ratu? <\/span><\/span><\/span><\/p>\n<p class=\"western\"><span style=\"font-family: Times New Roman, serif;\"><span style=\"font-size: medium;\"><span lang=\"sr-Latn-RS\">Uklju\u010dite se u razgovor i pozovite prijatelje da vam se pridru\u017ee.<\/span><\/span><\/span><\/p>\n<p class=\"western\"><span style=\"color: #050505;\"><span style=\"font-family: Times New Roman, serif;\"><span style=\"font-size: medium;\"><span lang=\"sr-Latn-RS\">Zoom tribinu organizuje <\/span><\/span><\/span><\/span><span style=\"color: #050505;\"><span style=\"font-family: Times New Roman, serif;\"><span style=\"font-size: medium;\"><span lang=\"sr-Latn-RS\"><b>Grupa za konceptualnu politiku<\/b><\/span><\/span><\/span><\/span><span style=\"color: #050505;\"><span style=\"font-family: Times New Roman, serif;\"><span style=\"font-size: medium;\"><span lang=\"sr-Latn-RS\">, Novi Sad, u okviru serije foruma o participaciji gra\u0111ana u politi\u010dkim procesima.<\/span><\/span><\/span><\/span><\/p>\n<p class=\"western\"><span style=\"font-family: Times New Roman, serif;\"><span style=\"font-size: medium;\"><span lang=\"sr-Latn-RS\">Priprema za tribinu nije nu\u017ena, a zainteresovanima skre\u0107emo pa\u017enju na <\/span><\/span><\/span><a href=\"https:\/\/biltenstanar.rs\/bilten-svi-brojevi\/bilten-stanar-15\/\"><span style=\"font-family: Times New Roman, serif;\"><span style=\"font-size: medium;\"><span lang=\"en-US\"><b>BILTEN STANAR #15<\/b><\/span><\/span><\/span><\/a> <strong><span style=\"font-family: Times New Roman, serif;\"><span style=\"font-size: medium;\"><span lang=\"en-US\">koji je GKP<\/span><\/span><\/span><\/strong> <span style=\"font-family: Times New Roman, serif;\"><span style=\"font-size: medium;\"><span lang=\"en-US\">objavio tokom leta 2022. godine i on je problemski posve\u0107en lokalnoj perspektivi na rat u Ukrajini i izbore u Srbiji, te zato nosi podnaslov: RAT I IZBORI. A LJUDI?<\/span><\/span><\/span><\/p>\n","protected":false},"excerpt":{"rendered":"<p>Zoom tribina: \u0160ta kao \u010dovek misli\u0161 o ratu u Ukrajini? u \u010detvrtak, 6. oktobar 2022. u 19h Link na Zoom tribinu: https:\/\/us02web.zoom.us\/j\/86383908847 (ID: 863 8390 8847) Koliko smo u stanju da o ratu govorimo kao ljudi? To zna\u010di da o [&hellip;]<\/p>\n","protected":false},"author":9,"featured_media":3350,"comment_status":"open","ping_status":"open","sticky":false,"template":"","format":"standard","meta":{"footnotes":""},"categories":[39,48,35,37],"tags":[],"jetpack_sharing_enabled":true,"jetpack_featured_media_url":"https:\/\/gkp.org.rs\/wp-content\/uploads\/2022\/10\/sajt-baner-scaled.jpg","_links":{"self":[{"href":"https:\/\/gkp.org.rs\/en\/wp-json\/wp\/v2\/posts\/3349"}],"collection":[{"href":"https:\/\/gkp.org.rs\/en\/wp-json\/wp\/v2\/posts"}],"about":[{"href":"https:\/\/gkp.org.rs\/en\/wp-json\/wp\/v2\/types\/post"}],"author":[{"embeddable":true,"href":"https:\/\/gkp.org.rs\/en\/wp-json\/wp\/v2\/users\/9"}],"replies":[{"embeddable":true,"href":"https:\/\/gkp.org.rs\/en\/wp-json\/wp\/v2\/comments?post=3349"}],"version-history":[{"count":1,"href":"https:\/\/gkp.org.rs\/en\/wp-json\/wp\/v2\/posts\/3349\/revisions"}],"predecessor-version":[{"id":3351,"href":"https:\/\/gkp.org.rs\/en\/wp-json\/wp\/v2\/posts\/3349\/revisions\/3351"}],"wp:featuredmedia":[{"embeddable":true,"href":"https:\/\/gkp.org.rs\/en\/wp-json\/wp\/v2\/media\/3350"}],"wp:attachment":[{"href":"https:\/\/gkp.org.rs\/en\/wp-json\/wp\/v2\/media?parent=3349"}],"wp:term":[{"taxonomy":"category","embeddable":true,"href":"https:\/\/gkp.org.rs\/en\/wp-json\/wp\/v2\/categories?post=3349"},{"taxonomy":"post_tag","embeddable":true,"href":"https:\/\/gkp.org.rs\/en\/wp-json\/wp\/v2\/tags?post=3349"}],"curies":[{"name":"wp","href":"https:\/\/api.w.org\/{rel}","templated":true}]}}