{"id":3205,"date":"2022-03-07T11:30:16","date_gmt":"2022-03-07T11:30:16","guid":{"rendered":"https:\/\/gkp.org.rs\/?p=3205"},"modified":"2022-03-07T11:30:16","modified_gmt":"2022-03-07T11:30:16","slug":"dokumentarni-film-nasilje-nad-samoupravom","status":"publish","type":"post","link":"https:\/\/gkp.org.rs\/en\/preporucujemo\/dokumentarni-film-nasilje-nad-samoupravom\/","title":{"rendered":"Dokumentarni film: NASILJE NAD SAMOUPRAVOM"},"content":{"rendered":"<p class=\"western\" align=\"left\"><span lang=\"sr-Latn-RS\"><b>NASILJE NAD SAMOUPRAVOM<\/b><\/span><b><\/b><\/p>\n<p class=\"western\" align=\"left\">Dokumentarni film u produkciji GKP, Novi Sad<\/p>\n<p class=\"western\" align=\"left\">Dokumentarni film \u201e<span lang=\"sr-Latn-RS\"><b>Nasilje nad samoupravom<\/b><\/span>\u201c je nastao <span lang=\"sr-Latn-RS\">pra\u0107enjem procesa izbora za savete mesnih zajednica u Vojvodini tokom 2021. godine.<\/span><\/p>\n<p class=\"western\" align=\"left\">O pritiscima i opstrukcijama vlasti tokom mesnih izbora\u00a0<b>u Ba\u010du, Se\u010dnju, Magli\u0107u, Ba\u010dkom Petrovcu, Novoj Pazovi i u Novom Sadu<\/b>\u00a0govorili su stanovnici ovih mesta, gra\u0111ani, nezavisni kandidati na ovim izborima i nezavisni novinari.<\/p>\n<p class=\"western\" align=\"left\">Film \u201eNasilje nad samoupravom\u201c prikazuje tendenciju vlasti da isklju\u010di i potisne gra\u0111ane iz politi\u010dkih procesa u njihovim lokalnim zajednicama. Pored\u00a0<span lang=\"sr-Latn-RS\">opstrukcije<\/span>\u00a0gra\u0111anski<span lang=\"sr-Latn-RS\">h<\/span>\u00a0i neposredni<span lang=\"sr-Latn-RS\">h<\/span>\u00a0izbora za savete mesnih zajednica, vlast ubrzano radi na izmenama zakonskog okvira koji reguli\u0161e mesnu samoupravu. To \u010dini s ciljem da gra\u0111anima oduzme ste\u010dena politi\u010dka prava i da i<span lang=\"sr-Latn-RS\">m onemogu\u0107i<\/span>\u00a0da na nivou mesne samouprave neposredno u\u010destvuju u odlukama va\u017enim za njihov svakodnevni \u017eivot.<\/p>\n<p><iframe loading=\"lazy\" title=\"NASILJE NAD SAMOUPRAVOM\" width=\"900\" height=\"506\" src=\"https:\/\/www.youtube.com\/embed\/BGJv30y87aI?start=22&#038;feature=oembed\" frameborder=\"0\" allow=\"accelerometer; autoplay; clipboard-write; encrypted-media; gyroscope; picture-in-picture\" allowfullscreen><\/iframe><\/p>\n<p class=\"western\" align=\"left\">Sagovornici:<\/p>\n<p class=\"western\" align=\"left\"><b>Zdravko Vulin<\/b>, grupa gra\u0111ana \u201eMoj Ba\u010d \u2013 Volim Ba\u010d i borim se, za svoj grad\u201c<\/p>\n<p class=\"western\" align=\"left\"><b>Marijan Tria\u0161ka<\/b>, Ba\u010dki Petrovac<\/p>\n<p class=\"western\" align=\"left\"><b>Vladim\u00edra Dor\u010dov\u00e1-Valtnerov\u00e1<\/b>, urednica portala \u201eStoryteller\u201c, Magli\u0107<\/p>\n<p class=\"western\" align=\"left\"><b>Dragan Mari\u0107\u00a0<\/b>i<b>\u00a0Zoran Ga\u0107inovi\u0107<\/b>, Se\u010danj<\/p>\n<p class=\"western\" align=\"left\"><b>Milan Turanjanin\u00a0<\/b>i<b>\u00a0Branislav Uzelac<\/b>, grupa gra\u0111ana \u201eIzbor za na\u0161u op\u0161tinu\u201c, Stara i Nova Pazova<\/p>\n<p class=\"western\" align=\"left\"><b>Branka \u0106ur\u010di\u0107<\/b>\u00a0i\u00a0<b>Zoran Gaji\u0107<\/b>, Grupa za konceptualnu politiku, Novi Sad<\/p>\n<p class=\"western\" align=\"left\">Novinar:\u00a0<b>Dalibor Stupar<\/b><\/p>\n<p class=\"western\" align=\"left\">Kamera i monta\u017ea:\u00a0<b>Filip Markovinovi\u0107\u00a0<\/b>i<b>\u00a0Slobodan Sto\u0161i\u0107<\/b><\/p>\n<p class=\"western\" align=\"left\">Trajanje:\u00a0<b>27 minuta<\/b><\/p>\n<p class=\"western\" align=\"left\">Film je realizovan uz podr\u0161ku:<\/p>\n<p class=\"western\" align=\"left\">NED \u2013 The National Endowment for Democracy<\/p>\n<p class=\"western\" align=\"left\">Heinrich B\u00f6ll Stiftung \u2013 predstavni\u0161tvo Beograd<\/p>\n<p class=\"western\" align=\"left\">Produkcija:<\/p>\n<p class=\"western\" align=\"left\"><b>GKP, Novi Sad, 2022.<\/b><\/p>\n","protected":false},"excerpt":{"rendered":"<p>NASILJE NAD SAMOUPRAVOM Dokumentarni film u produkciji GKP, Novi Sad Dokumentarni film \u201eNasilje nad samoupravom\u201c je nastao pra\u0107enjem procesa izbora za savete mesnih zajednica u Vojvodini tokom 2021. godine. O pritiscima i opstrukcijama vlasti tokom mesnih izbora\u00a0u Ba\u010du, Se\u010dnju, Magli\u0107u, [&hellip;]<\/p>\n","protected":false},"author":9,"featured_media":3184,"comment_status":"open","ping_status":"open","sticky":false,"template":"","format":"standard","meta":{"footnotes":""},"categories":[37],"tags":[],"jetpack_sharing_enabled":true,"jetpack_featured_media_url":"https:\/\/gkp.org.rs\/wp-content\/uploads\/2022\/03\/FB1.jpg","_links":{"self":[{"href":"https:\/\/gkp.org.rs\/en\/wp-json\/wp\/v2\/posts\/3205"}],"collection":[{"href":"https:\/\/gkp.org.rs\/en\/wp-json\/wp\/v2\/posts"}],"about":[{"href":"https:\/\/gkp.org.rs\/en\/wp-json\/wp\/v2\/types\/post"}],"author":[{"embeddable":true,"href":"https:\/\/gkp.org.rs\/en\/wp-json\/wp\/v2\/users\/9"}],"replies":[{"embeddable":true,"href":"https:\/\/gkp.org.rs\/en\/wp-json\/wp\/v2\/comments?post=3205"}],"version-history":[{"count":0,"href":"https:\/\/gkp.org.rs\/en\/wp-json\/wp\/v2\/posts\/3205\/revisions"}],"wp:featuredmedia":[{"embeddable":true,"href":"https:\/\/gkp.org.rs\/en\/wp-json\/wp\/v2\/media\/3184"}],"wp:attachment":[{"href":"https:\/\/gkp.org.rs\/en\/wp-json\/wp\/v2\/media?parent=3205"}],"wp:term":[{"taxonomy":"category","embeddable":true,"href":"https:\/\/gkp.org.rs\/en\/wp-json\/wp\/v2\/categories?post=3205"},{"taxonomy":"post_tag","embeddable":true,"href":"https:\/\/gkp.org.rs\/en\/wp-json\/wp\/v2\/tags?post=3205"}],"curies":[{"name":"wp","href":"https:\/\/api.w.org\/{rel}","templated":true}]}}