{"id":2979,"date":"2021-06-10T10:23:33","date_gmt":"2021-06-10T10:23:33","guid":{"rendered":"https:\/\/gkp.org.rs\/?p=2979"},"modified":"2021-06-10T10:23:33","modified_gmt":"2021-06-10T10:23:33","slug":"vojvodjanske-nvo-podrska-nezavisnim-i-nestranackim-kanidatima-za-savete-mesnih-zajednica","status":"publish","type":"post","link":"https:\/\/gkp.org.rs\/en\/mesne-zajednice\/vojvodjanske-nvo-podrska-nezavisnim-i-nestranackim-kanidatima-za-savete-mesnih-zajednica\/","title":{"rendered":"Vojvo\u0111anske NVO: Podr\u0161ka nezavisnim i nestrana\u010dkim kanidatima za savete mesnih zajednica"},"content":{"rendered":"<p>Vojvo\u0111anske NVO pozivaju gra\u0111ane i gra\u0111anke Novog Sada da glasaju za nezavisne i nestrana\u010dke kandidate na izborima za savete mesnih zajednica, koji se odr\u017eavaju u nedelju 13. juna. Ovi izbori su gra\u0111anski, a ne parlamentarni, i na njima ne bi trebalo da u\u010destvuje ni jedna partija, ve\u0107 gra\u0111ani kojima mesne zajednice pripadaju, \u0161to je u skladu sa zakonskim okvirom Republike Srbije.<\/p>\n<p>Me\u0111utim, Srpska napredna stranka je za ove izbore mobilisala svoje \u010dlanove. Bez obzira \u0161to su na njima morali da se kandiduju kao pojedinci, svojom propagandom kojom ukazuje da oni jesu partijski \u010dlanovi, ova stranka jasno daje do znanja da se ne\u0107e ustru\u010davati da pogazi neotu\u0111ivo pravo gra\u0111ana na lokalnu i mesnu samoupravu.<\/p>\n<p>Podse\u0107amo da \u010dlanovi vladaju\u0107e partije koji su \u010dinili savete mesnih zajednica u ve\u0107ini mesta u Vojvodini i Srbiji, poslednjih godina \u010dine sve da te savete obesmisle, tako \u0161to odbijaju svaku autenti\u010dnu inicijativu koju predla\u017eu gra\u0111ani. Na delu je potiskivanje gra\u0111ana iz institucija i ukidanje njihovih politi\u010dkih prava.<\/p>\n<p>Zato je glasanje za preko sedamdeset gra\u0111anskih i nestrana\u010dkih kandidata na izborima za savete mesnih zajednica u Novom Sadu, prilika da ove lokalne institucije gra\u0111ani poku\u0161aju da vrate u svoje ruke.<\/p>\n<p><strong>Novi Sad, 10. juni 2021.<\/p>\n<p>Grupa za konceptualne politike<br \/>\nVojvo\u0111anski kulturni klub \u201cVasa Staji\u0107\u201d<\/strong><br \/>\n<strong>Centar za odr\u017eive zajednice<br \/>\nZelena mre\u017ea Vojvodine<br \/>\nMost solidarnosti<br \/>\nSavez antifa\u0161ista Vojvodine<br \/>\nVojvo\u0111anski gra\u0111anski centar<br \/>\nVojvo\u0111anska politikolo\u0161ka asocijacija<br \/>\nCentar za interkulturnu komunikaciju<br \/>\nGra\u0111anska akcija Pan\u010devo<\/strong><\/p>\n","protected":false},"excerpt":{"rendered":"<p>Vojvo\u0111anske NVO pozivaju gra\u0111ane i gra\u0111anke Novog Sada da glasaju za nezavisne i nestrana\u010dke kandidate na izborima za savete mesnih zajednica, koji se odr\u017eavaju u nedelju 13. juna. Ovi izbori su gra\u0111anski, a ne parlamentarni, i na njima ne bi [&hellip;]<\/p>\n","protected":false},"author":9,"featured_media":2980,"comment_status":"open","ping_status":"open","sticky":false,"template":"","format":"standard","meta":{"footnotes":""},"categories":[47,37,36],"tags":[],"jetpack_sharing_enabled":true,"jetpack_featured_media_url":"https:\/\/gkp.org.rs\/wp-content\/uploads\/2021\/06\/mzsajtbaner2.jpg","_links":{"self":[{"href":"https:\/\/gkp.org.rs\/en\/wp-json\/wp\/v2\/posts\/2979"}],"collection":[{"href":"https:\/\/gkp.org.rs\/en\/wp-json\/wp\/v2\/posts"}],"about":[{"href":"https:\/\/gkp.org.rs\/en\/wp-json\/wp\/v2\/types\/post"}],"author":[{"embeddable":true,"href":"https:\/\/gkp.org.rs\/en\/wp-json\/wp\/v2\/users\/9"}],"replies":[{"embeddable":true,"href":"https:\/\/gkp.org.rs\/en\/wp-json\/wp\/v2\/comments?post=2979"}],"version-history":[{"count":0,"href":"https:\/\/gkp.org.rs\/en\/wp-json\/wp\/v2\/posts\/2979\/revisions"}],"wp:featuredmedia":[{"embeddable":true,"href":"https:\/\/gkp.org.rs\/en\/wp-json\/wp\/v2\/media\/2980"}],"wp:attachment":[{"href":"https:\/\/gkp.org.rs\/en\/wp-json\/wp\/v2\/media?parent=2979"}],"wp:term":[{"taxonomy":"category","embeddable":true,"href":"https:\/\/gkp.org.rs\/en\/wp-json\/wp\/v2\/categories?post=2979"},{"taxonomy":"post_tag","embeddable":true,"href":"https:\/\/gkp.org.rs\/en\/wp-json\/wp\/v2\/tags?post=2979"}],"curies":[{"name":"wp","href":"https:\/\/api.w.org\/{rel}","templated":true}]}}