{"id":2909,"date":"2021-04-16T11:09:16","date_gmt":"2021-04-16T11:09:16","guid":{"rendered":"https:\/\/gkp.org.rs\/?p=2909"},"modified":"2021-04-16T11:12:35","modified_gmt":"2021-04-16T11:12:35","slug":"vojvodjanske-nevladine-organizacije-napad-na-daska-milinovica-je-napad-na-sve-razumne-ljude-koji-imaju-kriticko-misljenje","status":"publish","type":"post","link":"https:\/\/gkp.org.rs\/en\/saopstenja\/vojvodjanske-nevladine-organizacije-napad-na-daska-milinovica-je-napad-na-sve-razumne-ljude-koji-imaju-kriticko-misljenje\/","title":{"rendered":"Vojvo\u0111anske NVO: Napad na Da\u0161ka Milinovi\u0107a je napad na sve razumne ljude koji imaju kriti\u010dko mi\u0161ljenje"},"content":{"rendered":"<p>Vojvo\u0111anske nevladine organizacije zahtevaju od nadle\u017enih dr\u017eavnih organa da pod hitno prona\u0111u, uhapse i kazne zlikovce koji su \u0161ipkama i suzavcem jutros surovo nasrnuli na popularnog radijskog voditelja Da\u0161ka Milinovi\u0107a.<\/p>\n<p>Ukoliko se po\u010dinioci ne prona\u0111u, s obzirom da je Milinovi\u0107 napadnut u delu grada gde sigurno postoje bezbednosne kamere i s obzirom da ih Milinovi\u0107 zasigurno mo\u017ee lako identifikovati, \u017eive\u0107emo u uverenju da iza napada na njega stoji naprednja\u010dka vlast.<\/p>\n<p>Milinovi\u0107 je, naime, jedan od retkih novinara u Novom Sadu koji jasno i glasno kritikuju re\u017eim Srpske napredne i na republi\u010dkom, i na pokrajinskom, i na gradskom nivou.<\/p>\n<p>Smatramo da je napad na Milinovi\u0107a napad na sve razumne ljude koji imaju kriti\u010dko mi\u0161ljenje.<\/p>\n<p>Milinovi\u0107 je \u010dovek i koji promovi\u0161e antifa\u0161isti\u010dke ideje, pa je logi\u010dno napada\u010de tra\u017eiti me\u0111u pripadnicima desnih ekstremisti\u010dkih organizacija, koje su pod strogom kontrolom Srpske napredne stranke.<\/p>\n<p>Vojvo\u0111anske nevladine organizacije pru\u017eaju punu podr\u0161ku Milinovi\u0107u, a ovom doga\u0111aju \u0107e obavestiti i me\u0111unarodne organizacije koje se bave za\u0161titom ljudskih prava i medijskih sloboda.<\/p>\n<p>Zajedni\u010dko saop\u0161tenje potpisuju: <strong>VKK \u201eVasa Staji\u0107\u201c, Novi optimizam, Zelena mre\u017ea Vojvodine, Grupa za konceptualnu politiku, Savez antifa\u0161ista Vojvodine, Vojvo\u0111anska politikolo\u0161ka asocijacija, Centar za interkulturnu komunikaciju i Gra\u0111anska akcija Pan\u010devo<\/strong><\/p>\n<p>Foto: pixabay<\/p>\n","protected":false},"excerpt":{"rendered":"<p>Vojvo\u0111anske nevladine organizacije zahtevaju od nadle\u017enih dr\u017eavnih organa da pod hitno prona\u0111u, uhapse i kazne zlikovce koji su \u0161ipkama i suzavcem jutros surovo nasrnuli na popularnog radijskog voditelja Da\u0161ka Milinovi\u0107a. Ukoliko se po\u010dinioci ne prona\u0111u, s obzirom da je Milinovi\u0107 [&hellip;]<\/p>\n","protected":false},"author":9,"featured_media":2910,"comment_status":"open","ping_status":"open","sticky":false,"template":"","format":"standard","meta":{"footnotes":""},"categories":[37,36],"tags":[],"jetpack_sharing_enabled":true,"jetpack_featured_media_url":"https:\/\/gkp.org.rs\/wp-content\/uploads\/2021\/04\/podcast-podkast-radio-slusalice-mikrofon-foto-pixabay-850x566.jpg","_links":{"self":[{"href":"https:\/\/gkp.org.rs\/en\/wp-json\/wp\/v2\/posts\/2909"}],"collection":[{"href":"https:\/\/gkp.org.rs\/en\/wp-json\/wp\/v2\/posts"}],"about":[{"href":"https:\/\/gkp.org.rs\/en\/wp-json\/wp\/v2\/types\/post"}],"author":[{"embeddable":true,"href":"https:\/\/gkp.org.rs\/en\/wp-json\/wp\/v2\/users\/9"}],"replies":[{"embeddable":true,"href":"https:\/\/gkp.org.rs\/en\/wp-json\/wp\/v2\/comments?post=2909"}],"version-history":[{"count":0,"href":"https:\/\/gkp.org.rs\/en\/wp-json\/wp\/v2\/posts\/2909\/revisions"}],"wp:featuredmedia":[{"embeddable":true,"href":"https:\/\/gkp.org.rs\/en\/wp-json\/wp\/v2\/media\/2910"}],"wp:attachment":[{"href":"https:\/\/gkp.org.rs\/en\/wp-json\/wp\/v2\/media?parent=2909"}],"wp:term":[{"taxonomy":"category","embeddable":true,"href":"https:\/\/gkp.org.rs\/en\/wp-json\/wp\/v2\/categories?post=2909"},{"taxonomy":"post_tag","embeddable":true,"href":"https:\/\/gkp.org.rs\/en\/wp-json\/wp\/v2\/tags?post=2909"}],"curies":[{"name":"wp","href":"https:\/\/api.w.org\/{rel}","templated":true}]}}