{"id":2848,"date":"2021-01-30T15:23:52","date_gmt":"2021-01-30T15:23:52","guid":{"rendered":"https:\/\/gkp.org.rs\/?p=2848"},"modified":"2021-01-30T15:23:52","modified_gmt":"2021-01-30T15:23:52","slug":"online-tribina-ko-obustavlja-javnu-raspravu","status":"publish","type":"post","link":"https:\/\/gkp.org.rs\/en\/preporucujemo\/online-tribina-ko-obustavlja-javnu-raspravu\/","title":{"rendered":"ONLINE TRIBINA: KO OBUSTAVLJA JAVNU RASPRAVU?"},"content":{"rendered":"<p lang=\"sr-Latn-RS\"><span style=\"color: #000000;\"><span style=\"font-family: Liberation Serif;\"><span style=\"font-size: medium;\"><b>Grupa za konceptualnu politiku<\/b><\/span><\/span><\/span><span style=\"color: #000000;\"><span style=\"font-family: Liberation Serif;\"><span style=\"font-size: medium;\"> i <\/span><\/span><\/span><span style=\"color: #000000;\"><span style=\"font-family: Liberation Serif;\"><span style=\"font-size: medium;\"><b>Inicijativa za lokalnu samoupravu<\/b><\/span><\/span><\/span><span style=\"color: #000000;\"><span style=\"font-family: Liberation Serif;\"><span style=\"font-size: medium;\"> iz Novog Sada vas pozivaju da putem prenosa u\u017eivo na na\u0161oj stranici na dru\u0161tvenim mre\u017eama pratite diskusiju pod nazivom <\/span><\/span><\/span><span style=\"color: #000000;\"><span style=\"font-family: Liberation Serif;\"><span style=\"font-size: medium;\"><b>\u201eKo obustavlja javnu raspravu?\u201c<\/b><\/span><\/span><\/span><span style=\"color: #000000;\"><span style=\"font-family: Liberation Serif;\"><span style=\"font-size: medium;\"> koja \u0107e se odr\u017eati u <strong>utorak, 02. februara 2021. godine u 18h.<\/strong><\/span><\/span><\/span><\/p>\n<p lang=\"sr-Latn-RS\"><span style=\"color: #000000;\"><span style=\"font-family: Liberation Serif;\"><span style=\"font-size: medium;\">U\u010desnici tribine su:<\/span><\/span><\/span><\/p>\n<p lang=\"sr-Latn-RS\"><span style=\"color: #000000;\"><span style=\"font-family: Liberation Serif;\"><span style=\"font-size: medium;\"><b>Ljubica Slavkovi\u0107<\/b><\/span><\/span><\/span><span style=\"color: #000000;\"><span style=\"font-family: Liberation Serif;\"><span style=\"font-size: medium;\">, CZKD, Beograd<\/span><\/span><\/span><\/p>\n<p lang=\"sr-Latn-RS\"><span style=\"color: #000000;\"><span style=\"font-family: Liberation Serif;\"><span style=\"font-size: medium;\"><b>Dobrivoje Milosavljevi\u0107<\/b><\/span><\/span><\/span><span style=\"color: #000000;\"><span style=\"font-family: Liberation Serif;\"><span style=\"font-size: medium;\">, Odbranimo Teslu, Pan\u010devo<\/span><\/span><\/span><\/p>\n<p lang=\"sr-Latn-RS\"><span style=\"color: #000000;\"><span style=\"font-family: Liberation Serif;\"><span style=\"font-size: medium;\"><b>Mladen Jovanovi\u0107<\/b><\/span><\/span><\/span><span style=\"color: #000000;\"><span style=\"font-family: Liberation Serif;\"><span style=\"font-size: medium;\">, Nacionalna koalicija za decentralizaciju, Ni\u0161<\/span><\/span><\/span><\/p>\n<p lang=\"sr-Latn-RS\"><span style=\"color: #000000;\"><span style=\"font-family: Liberation Serif;\"><span style=\"font-size: medium;\"><b>Branka \u0106ur\u010di\u0107<\/b><\/span><\/span><\/span><span style=\"color: #000000;\"><span style=\"font-family: Liberation Serif;\"><span style=\"font-size: medium;\">, GKP i Inicijativa za lokalnu samoupravu, Novi Sad \u2013 moderacija tribine<\/span><\/span><\/span><\/p>\n<p lang=\"sr-Latn-RS\"><span style=\"color: #000000;\"><span style=\"font-family: Liberation Serif;\"><span style=\"font-size: medium;\">Postoje li uslovi za realizovanje javnih rasprava vezanih za dono\u0161enje odluka i usvajanje op\u0161tih akata tokom pandemije? Da li na\u0161e pravo na neposredno u\u010destvovanje u institucijama lokalne samouprave mo\u017ee da bude ostvareno dok su na snazi mere protiv pandemije, ako je i pre nje postalo jasno da vlast sistematski radi na uskra\u0107ivanju ovog elementarnog politi\u010dkog prava gra\u0111ana?<\/span><\/span><\/span><\/p>\n<p lang=\"sr-Latn-RS\"><span style=\"color: #000000;\"><span style=\"font-family: Liberation Serif;\"><span style=\"font-size: medium;\">Vlast je ograni\u010dila okupljanje ljudi, pa samim tim i njihovo u\u010de\u0161\u0107e u javnim raspravama, ali bi i dalje da se sednice na kojima se donose odluke i usvajaju op\u0161ti akti smatraju javnim. Ovaj paradoks nije samo posledica slabosti dr\u017eave da dosledno sprovodi mere protiv pandemije i deluje u kriznoj situaciji, u kojoj se zabranom okupljanja poku\u0161ava sa\u010duvati zdravlje, a dono\u0161enjem odluka od ekonomskog zna\u010daja nastoji omogu\u0107iti \u201c\u017eivot\u201d, ve\u0107 i namere da se javnim nazove privatni interes koji treba zadovoljiti.<\/span><\/span><\/span><\/p>\n<p lang=\"sr-Latn-RS\"><span style=\"color: #000000;\"><span style=\"font-family: Liberation Serif;\"><span style=\"font-size: medium;\">Mnogi smatraju da su javne rasprave na ovaj na\u010din obesmi\u0161ljene i da je naru\u0161en javni karakter ovog oblika neposrednog u\u010de\u0161\u0107a gra\u0111ana u radu lokalne samouprave i koji zato tra\u017ee njihovu obustavu dok traje zabrana javnog okupljanja. Postoje i oni koji misle da gra\u0111ani moraju u njima u\u010destvovati i u uslovima koje diktiraju mere protiv pandemije, jer postoji opasnost da odluke koje se usvajaju ne budu od javnog interesa. A tako\u0111e smo \u010duli i da pojedini glasovi zahtevaju druga\u010diji na\u010din organizovanja javnih rasprava kako bi se obezbedilo prisustvo gra\u0111ana, pa samim tim i javnost procedura dono\u0161enja planskih, bud\u017eetskih i zakonskih dokumenata.<\/span><\/span><\/span><\/p>\n<p lang=\"sr-Latn-RS\"><span style=\"color: #000000;\"><span style=\"font-family: Liberation Serif;\"><span style=\"font-size: medium;\">Ovom tribinom otvaramo prostor za diskusiju i predla\u017eemo povezivanje gra\u0111anskih inicijativa kako bi se do\u0161lo do zajedni\u010dkog stava, neophodnog svakoj odluci da se na organizovan na\u010din spre\u010de zloupotrebe javnih rasprava i sa\u010duvaju institucije lokalne i mesne samouprave.<\/span><\/span><\/span><\/p>\n<p lang=\"sr-Latn-RS\"><span style=\"color: #000000;\"><span style=\"font-family: Liberation Serif;\"><span style=\"font-size: medium;\">Tribinu \u0107ete mo\u0107i da pratite putem <a href=\"https:\/\/www.facebook.com\/GKP.NoviSad\">stranice GKP na dru\u0161tvenim mre\u017eama<\/a>.<\/span><\/span><\/span><\/p>\n<p lang=\"sr-Latn-RS\"><span style=\"color: #000000;\"><span style=\"font-family: Liberation Serif;\"><span style=\"font-size: medium;\">Javnu tribinu organizuje <\/span><\/span><\/span><span style=\"color: #000000;\"><span style=\"font-family: Liberation Serif;\"><span style=\"font-size: medium;\"><b>Grupa za konceptualnu politiku<\/b><\/span><\/span><\/span> <span style=\"color: #000000;\"><span style=\"font-family: Liberation Serif;\"><span style=\"font-size: medium;\">i <\/span><\/span><\/span><span style=\"color: #000000;\"><span style=\"font-family: Liberation Serif;\"><span style=\"font-size: medium;\"><b>Inicijativa za lokalnu samoupravu<\/b><\/span><\/span><\/span> <span style=\"color: #000000;\"><span style=\"font-family: Liberation Serif;\"><span style=\"font-size: medium;\">uz podr\u0161ku fondacije <\/span><\/span><\/span><span style=\"color: #000000;\"><span style=\"font-family: Liberation Serif;\"><span style=\"font-size: medium;\"><i>NED &#8211; National Endowment for Democracy<\/i><\/span><\/span><\/span><span style=\"color: #000000;\"><span style=\"font-family: Liberation Serif;\"><span style=\"font-size: medium;\">.<\/span><\/span><\/span><\/p>\n","protected":false},"excerpt":{"rendered":"<p>Grupa za konceptualnu politiku i Inicijativa za lokalnu samoupravu iz Novog Sada vas pozivaju da putem prenosa u\u017eivo na na\u0161oj stranici na dru\u0161tvenim mre\u017eama pratite diskusiju pod nazivom \u201eKo obustavlja javnu raspravu?\u201c koja \u0107e se odr\u017eati u utorak, 02. februara [&hellip;]<\/p>\n","protected":false},"author":9,"featured_media":2849,"comment_status":"open","ping_status":"open","sticky":false,"template":"","format":"standard","meta":{"footnotes":""},"categories":[39,40,35,37],"tags":[],"jetpack_sharing_enabled":true,"jetpack_featured_media_url":"https:\/\/gkp.org.rs\/wp-content\/uploads\/2021\/01\/plb.jpg","_links":{"self":[{"href":"https:\/\/gkp.org.rs\/en\/wp-json\/wp\/v2\/posts\/2848"}],"collection":[{"href":"https:\/\/gkp.org.rs\/en\/wp-json\/wp\/v2\/posts"}],"about":[{"href":"https:\/\/gkp.org.rs\/en\/wp-json\/wp\/v2\/types\/post"}],"author":[{"embeddable":true,"href":"https:\/\/gkp.org.rs\/en\/wp-json\/wp\/v2\/users\/9"}],"replies":[{"embeddable":true,"href":"https:\/\/gkp.org.rs\/en\/wp-json\/wp\/v2\/comments?post=2848"}],"version-history":[{"count":0,"href":"https:\/\/gkp.org.rs\/en\/wp-json\/wp\/v2\/posts\/2848\/revisions"}],"wp:featuredmedia":[{"embeddable":true,"href":"https:\/\/gkp.org.rs\/en\/wp-json\/wp\/v2\/media\/2849"}],"wp:attachment":[{"href":"https:\/\/gkp.org.rs\/en\/wp-json\/wp\/v2\/media?parent=2848"}],"wp:term":[{"taxonomy":"category","embeddable":true,"href":"https:\/\/gkp.org.rs\/en\/wp-json\/wp\/v2\/categories?post=2848"},{"taxonomy":"post_tag","embeddable":true,"href":"https:\/\/gkp.org.rs\/en\/wp-json\/wp\/v2\/tags?post=2848"}],"curies":[{"name":"wp","href":"https:\/\/api.w.org\/{rel}","templated":true}]}}