{"id":2836,"date":"2021-01-14T10:46:57","date_gmt":"2021-01-14T10:46:57","guid":{"rendered":"https:\/\/gkp.org.rs\/?p=2836"},"modified":"2021-01-14T10:48:13","modified_gmt":"2021-01-14T10:48:13","slug":"bilten-stanar-10-decembar-2020","status":"publish","type":"post","link":"https:\/\/gkp.org.rs\/en\/bilten-stanar\/bilten-stanar-10-decembar-2020\/","title":{"rendered":"Bilten STANAR, #10 \u2013 decembar 2020."},"content":{"rendered":"<p>\u201eStanar\u201c br. 10, objavljen i podeljen u decembru 2020. tematski smo usmerili u dva smera ne\u010dega \u0161to smatramo da se nalazi na istom pravcu, ili na istoj liniji kojom se kre\u0107emo u poslednje vreme: o konkretnim problemima sa kojima se susre\u0107u na\u0161e kom\u0161ije, saradnici i prijatelji koji \u017eive na Telepu pisali smo i mi i oni imaju\u0107i u vidu jedan \u0161iri kontekst \u2013 onaj o zna\u010daju mesne i lokalne samouprave za svakodnevni \u017eivot gra\u0111ana, a onda smo sve to povezali i sa jednim projektom \u010diji obrisi ne obe\u0107avaju ni\u0161ta dobro. Na taj na\u010din se niz Telep-Liman-mesne zajednice-\u201eNovi Sad na vodi\u201c dovr\u0161ava pozivom gra\u0111anima da uzmu u\u010de\u0161\u0107a u radu svoje mesne samouprave.<\/p>\n<p>Poziv kom\u0161ijama i prijateljima da se kandiduju na izborima za mesne zajednice koji nam predstoje na leto ove godine (u junu ili julu, bar kako je planirano) ponavlja\u0107emo i kroz naredne brojeve, kakva god da se konkretna tema nametne u nekim budu\u0107im tekstovima.<\/p>\n<p>O Telepu su pisali: Nedim Sejdinovi\u0107, Bojana Bodro\u017ea (koja je razgovarala sa Aleksandrom Lazarevi\u0107em) i Savo Rom\u010devi\u0107 (u saradnji sa \u017deljkom Popovi\u0107em); priloge o pitanju mesne i lokalne samouprave u svetlu upore\u0111ivanja Zagreba i Novog Sada potpisuju Branka \u0106ur\u010di\u0107 i Dalibor Stupar, a konkretnim p(r)ozivom na u\u010de\u0161\u0107e u mesnoj samoupravi bavili su se Zoran Gaji\u0107 i Dimitrije Kaorin.<\/p>\n<p>Kuriozitet ovog broja (a, usu\u0111ujemo se re\u0107i i dobrog dela javne medijske scene u zemlji) predstavlja i prevod jednog od tekstova na ma\u0111arski jezik \u2013 u \u0161tampanom izdanju, uz jo\u0161 jedan koji smo preveli i za elektronsko izdanje \u201eStanara\u201c.<\/p>\n<p>Najve\u0107i broj fotografija potpisuje Vojin Ivkov (unutra\u0161njost novina), a fotografije za naslovnicu uradio je Slobodan Sto\u0161i\u0107 (GKP).<\/p>\n<p>Saradnici u #10 Biltenu STANAR su:\u00a0<strong>Bojana Bodro\u017ea, Branka \u0106ur\u010di\u0107, Zoran Gaji\u0107, Aleksandar Lazarevi\u0107, Dimitrije Kaorin, \u017deljko Popovi\u0107, Savo Rom\u010devi\u0107, Nedim Sejdinovi\u0107, Slobodan Sto\u0161i\u0107 i Dalibor Stupar<\/strong><\/p>\n<p><strong>Prevod na ma\u0111arski: Zlatko Magdaleni\u0107<\/strong><\/p>\n<p>Urednik biltena:\u00a0<strong>Savo Rom\u010devi\u0107<\/strong><\/p>\n<p><strong>Broj\u00a0<\/strong><strong>10, oktobar 2020. godine<\/strong><\/p>\n<p>Tira\u017e: 11.000<\/p>\n<p><strong>Bilten STANAR, novine Inicijative za lokalnu samoupravu, objavljuje GKP \u2013 Grupa za konceptualnu politiku<\/strong>\u00a0iz Novog Sada, uz podr\u0161ku\u00a0<strong><em>Fondacije za otvoreno dru\u0161tvo, Srbija<\/em><\/strong>\u00a0i u saradnji sa\u00a0<strong><em>Fondacijom Hajnrih Bel \u2013 predstavni\u0161tvo Beograd<\/em><\/strong>.<\/p>\n<p>PDF celog broja mo\u017eete skinuti klikom na sliku ispod:<\/p>\n<p><a href=\"https:\/\/gkp.org.rs\/wp-content\/uploads\/2021\/01\/Bilten-Stanar-10.pdf\"><img loading=\"lazy\" decoding=\"async\" class=\"aligncenter wp-image-2837 size-full\" src=\"https:\/\/gkp.org.rs\/wp-content\/uploads\/2021\/01\/Bilten-Stanar10-nasl.png\" alt=\"\" width=\"537\" height=\"763\" srcset=\"https:\/\/gkp.org.rs\/wp-content\/uploads\/2021\/01\/Bilten-Stanar10-nasl.png 537w, https:\/\/gkp.org.rs\/wp-content\/uploads\/2021\/01\/Bilten-Stanar10-nasl-211x300.png 211w, https:\/\/gkp.org.rs\/wp-content\/uploads\/2021\/01\/Bilten-Stanar10-nasl-300x426.png 300w\" sizes=\"(max-width: 537px) 100vw, 537px\" \/><\/a><\/p>\n","protected":false},"excerpt":{"rendered":"<p>\u201eStanar\u201c br. 10, objavljen i podeljen u decembru 2020. tematski smo usmerili u dva smera ne\u010dega \u0161to smatramo da se nalazi na istom pravcu, ili na istoj liniji kojom se kre\u0107emo u poslednje vreme: o konkretnim problemima sa kojima se [&hellip;]<\/p>\n","protected":false},"author":9,"featured_media":2839,"comment_status":"open","ping_status":"open","sticky":false,"template":"","format":"standard","meta":{"footnotes":""},"categories":[55,40,37],"tags":[],"jetpack_sharing_enabled":true,"jetpack_featured_media_url":"https:\/\/gkp.org.rs\/wp-content\/uploads\/2021\/01\/IMG_5088.jpg","_links":{"self":[{"href":"https:\/\/gkp.org.rs\/en\/wp-json\/wp\/v2\/posts\/2836"}],"collection":[{"href":"https:\/\/gkp.org.rs\/en\/wp-json\/wp\/v2\/posts"}],"about":[{"href":"https:\/\/gkp.org.rs\/en\/wp-json\/wp\/v2\/types\/post"}],"author":[{"embeddable":true,"href":"https:\/\/gkp.org.rs\/en\/wp-json\/wp\/v2\/users\/9"}],"replies":[{"embeddable":true,"href":"https:\/\/gkp.org.rs\/en\/wp-json\/wp\/v2\/comments?post=2836"}],"version-history":[{"count":0,"href":"https:\/\/gkp.org.rs\/en\/wp-json\/wp\/v2\/posts\/2836\/revisions"}],"wp:featuredmedia":[{"embeddable":true,"href":"https:\/\/gkp.org.rs\/en\/wp-json\/wp\/v2\/media\/2839"}],"wp:attachment":[{"href":"https:\/\/gkp.org.rs\/en\/wp-json\/wp\/v2\/media?parent=2836"}],"wp:term":[{"taxonomy":"category","embeddable":true,"href":"https:\/\/gkp.org.rs\/en\/wp-json\/wp\/v2\/categories?post=2836"},{"taxonomy":"post_tag","embeddable":true,"href":"https:\/\/gkp.org.rs\/en\/wp-json\/wp\/v2\/tags?post=2836"}],"curies":[{"name":"wp","href":"https:\/\/api.w.org\/{rel}","templated":true}]}}