{"id":1639,"date":"2017-12-21T21:20:34","date_gmt":"2017-12-21T21:20:34","guid":{"rendered":"https:\/\/gkp.org.rs\/?p=1639"},"modified":"2017-12-25T01:35:26","modified_gmt":"2017-12-25T01:35:26","slug":"hrabrost-da-se-pocne-iznova-politika-na-strani-ljudi-tekst-urednistva-5-broja-biltena-stanar","status":"publish","type":"post","link":"https:\/\/gkp.org.rs\/en\/tekstovi\/hrabrost-da-se-pocne-iznova-politika-na-strani-ljudi-tekst-urednistva-5-broja-biltena-stanar\/","title":{"rendered":"Hrabrost da se po\u010dne iznova (Politika na strani ljudi) \u2013 Tekst uredni\u0161tva 5. broja biltena STANAR"},"content":{"rendered":"<p style=\"text-align: justify;\">Ulazak u \u010detvrtu godinu rada na projektu \u201eLokalne politike i urbana samouprava\u201c donosi nam nove uvide i pozicije, dok neki ostaju nepromenjeni. Ono \u0161to je konstanta jeste uvid u partijsko premre\u017eavanje institucija lokalne samouprave \u2013 mesnih zajednica tako\u0111e \u2013 gde se favorizuju partijski interesi koji nemaju politi\u010dku i javnu dimenziju, \u0161to za posledicu ima zatvorenost ovih institucija za lokalne zajednice i ljude u njima. Povratno, ovakva situacija uti\u010de na pasivizaciju gra\u0111ana, koji i ako \u017eele ne\u0161to da urade za boljitak lokalne zajednice, vrlo brzo bivaju obeshrabreni neprijem\u010divo\u0161\u0107u institucija lokalne samouprave i procedurama dr\u017eave koje su ispra\u017enjene od politi\u010dke volje da se sa ljudima bilo \u0161ta uradi ukoliko nisu \u010dlanovi partijske koalicije na vlasti. Ljudi su time naj\u010de\u0161\u0107e obeshrabreni a \u010desto de-subjektivirani da misle o mogu\u0107nostima novih oblika samoorganizovanja koji bi imali\u00a0<em>distancu prema dr\u017eavi<\/em>, iako sa njom na razli\u010dite na\u010dine komuniciraju povodom re\u0161avanja problema sa kojima se suo\u010davaju, ali upravo iz pozicije udru\u017eenih gra\u0111ana koje nije okupila dr\u017eava ve\u0107 su oni sami organizovani oko problema, formiraju\u0107i sopstvene principe i argumente za sopstveno delovanje. \u201eLjudi ne vole da se samoorganizuju\u201c je stav koji smo jednom prilikom izneli i treba ga shvatiti kao polaznu ta\u010dku za promi\u0161ljanje daljeg delovanja, a ne kao deskripciju nepromenljive situacije kojom se ukida kapacitet ljudi za nove oblike politi\u010dkog organizovanja.<\/p>\n<p style=\"text-align: justify;\">U tome smo mi\u0161ljenja da ljude treba ohrabriti na udru\u017eivanje povodom re\u0161avanja svakog singularnog problema sa kojima se suo\u010davaju. Njihova istrajnost u subjektivaciji tokom tog procesa je jedno, dok je reakcija dr\u017eave na delovanje udru\u017eenih gra\u0111ana odvojena stvar. \u010cesto se de\u0161ava da zakonskim i institucionalnim procedurama dr\u017eava osuje\u0107uje poku\u0161aje ljudi da pristupe re\u0161avanju problema, a to \u0161to je osuje\u0107enje na stolu ne zna\u010di nu\u017eno da politika na strani ljudi \u201eporazom\u201c, tj. zagu\u0161ena upravo tim procedurama, nikada nije ni postojala. U tome uvek ima prostora za po\u010detak iznova i u tome je novo ohrabrenje i pozivanje na udru\u017eivanje ljudi potrebno. Tokom prethodne i teku\u0107e godine u tu svrhu smo razvili jo\u0161 jednu, ovim procesima paralelnu liniju komunikacije\u00a0<em>sa ve\u0107 organizovanim ljudima<\/em>:\u00a0<strong>u inicijative, udru\u017eenja gra\u0111ana, proteste i asocijacije<\/strong>. Njima je zajedni\u010dko to \u0161to poku\u0161avaju da razvijaju sopstvena mesta mi\u0161ljenja pozicioniraju\u0107i se prema dr\u017eavi, a po nama takve prakse mogu da predstavljaju\u00a0<em>civilno dru\u0161tvo<\/em>\u00a0u dana\u0161njim uslovima postavljeno na nove osnove.<\/p>\n<p style=\"text-align: justify;\">U vi\u0161e navrata smo govorili da skup\u0161tine stanara ve\u0107 jesu mesta u\u010de\u0161\u0107a ljudi, stanara, u procesima odlu\u010divanja, na taj na\u010din ih politizuju\u0107i. Me\u0111utim, njihova situacija danas jeste izmenjena jer su u me\u0111uvremenu skup\u0161tine stanara postale \u201estambene zajednice\u201c a predstavnici skup\u0161tine (\u010desto licencirani i profesionalni) upravnici \u201estambene zajednice\u201c, \u0161to ve\u0107 ukazuje na depolitizaciju polja u\u010de\u0161\u0107a stanara u procesima odlu\u010divanja kada su njihovi \u017eivotni prostori u pitanju. Mi\u0161ljenja smo da je u ovim uslovima potrebno pro\u0161iriti mesto diskusije i odlu\u010divanja stanara u javni domen, u mesne zajednice kao osnovne organe lokalne samouprave, putem \u201ejavnih skup\u0161tina stanara\u201c, kako bi se na organizovan na\u010din pristupilo re\u0161avanju kompleksnih problema vezanih za stanovanje i odr\u017eavanje zgrada, tako\u0111e za lokalnu zajednicu u \u0161irem smislu.<\/p>\n<p style=\"text-align: justify;\">U\u010de\u0161\u0107e gra\u0111ana u politi\u010dkom \u017eivotu naj\u010de\u0161\u0107e je svedeno na glasanje na izborima, \u0161to je i legitiman i naj\u010de\u0161\u0107e jedan od retkih na\u010dina njihovog uklju\u010denja u politi\u010dki sistem dr\u017eave znan kao parlamentarna demokratija. Me\u0111utim, predstavni\u010dki karakter vlasti u korumpiranoj perifernoj dr\u017eavi poput Srbije, na dnevnoj bazi pokazuje da nije u stanju da odgovori na potrebe gra\u0111ana i da u\u010destvuje s ljudima u re\u0161avanju njihovih nagomilanih problema. \u0160tavi\u0161e, u najve\u0107em broju slu\u010dajeva ih ignori\u0161e i opstruira. Zbog toga smatramo da je va\u017eno ohrabriti ljude na pokretanje druga\u010dijih oblika u\u010destvovanja u procesima dono\u0161enja odluka, kakvo je\u00a0<em>neposredno odlu\u010divanje gra\u0111ana<\/em>\u00a0u mesnim zajednicama. Jedan takav oblik jeste zbora gra\u0111ana \u2013\u00a0<em>institucija<\/em>\u00a0mesne zajednice za u\u010destvovanje gra\u0111ana u procesima odlu\u010divanja u lokalnoj samoupravi, povodom problema koje organizovani nameravaju da re\u0161e.<\/p>\n<p style=\"text-align: justify;\">Svedoci smo sve \u010de\u0161\u0107oj pojavi izlaska gra\u0111anskih inicijativa na izbore, ve\u0107 organizovanih gra\u0111ana koji smatraju da \u0107e im ulazak u vlast pru\u017eiti legitimitet i obezbediti mesto sa kojeg \u0107e mo\u0107i dugogodi\u0161njim prisustvom da izbore mesto upravljanja javnim dobrima, \u0161to se predstavlja narednim prirodnim korakom za organizacije civilnog dru\u0161tva. Iako se mnoge takve inicijative upravo oslanjaju na dotada\u0161njim radom ste\u010denu\u00a0<em>bazu<\/em>, bilo da je ona mre\u017ea udru\u017eenja gra\u0111ana, aktivisti\u010dka scena ili direktan kontakt sa gra\u0111anima, mi\u0161ljenja smo da mogu\u0107nosti direktnog rada s ljudima nisu iscrpljene. Jer upravo je to mesto generisanja problema, njihove artikulacije i re\u0161enja koje mo\u017ee da ohrabri ljude na izumevanje razli\u010ditih oblika organizovanja, sticanje ekspertize po svakom pojedina\u010dnom problemu, intervenisanja u institucije, odlu\u010divanja na zajedni\u010dkim osnovama i me\u0111usobnog povezivanja, \u0161to i \u010dini politiku koja je na njihovoj strani.<\/p>\n<p style=\"text-align: justify;\">U prilog ohrabrivanja ljudi, na\u0161ih kom\u0161ija, da se samoorganizuju, ovaj broj \u201cStanara\u201d posve\u0107ujemo nekim od postoje\u0107ih inicijativa i protagonista koji na organizovan na\u010din pristupaju re\u0161avanju problema i komunikaciji sa predstavnicima dr\u017eavnih struktura, a sa kojima smo sara\u0111ivali i podelili poglede i mi\u0161ljenja. Cilj nam je bio da sakupimo razli\u010dite uvide i nadamo se doprinesemo boljem pregledu trenutne situacije kada je u pitanju mi\u0161ljenje ljudi povodom vlastitih praksi i njihovog organizovanja. Biltenu su doprineli \u010dlanovi i predstavnici razli\u010ditih inicijativa i udru\u017eenja: \u201cNe(da)vimo Beograd\u201d, \u201cPametnija Zgrada\u201d, \u201cU\u010ditelj neznalica\u201d, \u201cDru\u0161tvo arhitekata Novog Sada\u201d, \u201cInicijativa nezavisne kulturne scene Novog Sada\u201d, \u201cUdru\u017eeni pokret slobodnih stanara Ni\u0161\u201d, \u201cOmladinski centar CK13\u201d, \u201cCentar za za\u0161titu potro\u0161a\u010da Begej\u201d i \u201cNezavisna kulturna scena Srbije\u201d. Naravno da smo ovim brojem obuhvatili samo deo postoje\u0107ih inicijativa, ali utoliko nam ostaje prostor da vas tokom narednog perioda izvestimo i o drugima u novom broju na\u0161eg biltena.<\/p>\n<p style=\"text-align: justify;\">Udru\u017eujte se i solidarno re\u0161avajte probleme u kom\u0161iluku!<\/p>\n<p style=\"text-align: justify;\">\n","protected":false},"excerpt":{"rendered":"<p>Ulazak u \u010detvrtu godinu rada na projektu \u201eLokalne politike i urbana samouprava\u201c donosi nam nove uvide i pozicije, dok neki ostaju nepromenjeni. Ono \u0161to je konstanta jeste uvid u partijsko premre\u017eavanje institucija lokalne samouprave \u2013 mesnih zajednica tako\u0111e \u2013 gde [&hellip;]<\/p>\n","protected":false},"author":1,"featured_media":1640,"comment_status":"open","ping_status":"open","sticky":false,"template":"","format":"standard","meta":{"footnotes":""},"categories":[55,40,33],"tags":[],"jetpack_sharing_enabled":true,"jetpack_featured_media_url":"https:\/\/gkp.org.rs\/wp-content\/uploads\/2017\/12\/Stanar5-fb-event-plavi.jpg","_links":{"self":[{"href":"https:\/\/gkp.org.rs\/en\/wp-json\/wp\/v2\/posts\/1639"}],"collection":[{"href":"https:\/\/gkp.org.rs\/en\/wp-json\/wp\/v2\/posts"}],"about":[{"href":"https:\/\/gkp.org.rs\/en\/wp-json\/wp\/v2\/types\/post"}],"author":[{"embeddable":true,"href":"https:\/\/gkp.org.rs\/en\/wp-json\/wp\/v2\/users\/1"}],"replies":[{"embeddable":true,"href":"https:\/\/gkp.org.rs\/en\/wp-json\/wp\/v2\/comments?post=1639"}],"version-history":[{"count":0,"href":"https:\/\/gkp.org.rs\/en\/wp-json\/wp\/v2\/posts\/1639\/revisions"}],"wp:featuredmedia":[{"embeddable":true,"href":"https:\/\/gkp.org.rs\/en\/wp-json\/wp\/v2\/media\/1640"}],"wp:attachment":[{"href":"https:\/\/gkp.org.rs\/en\/wp-json\/wp\/v2\/media?parent=1639"}],"wp:term":[{"taxonomy":"category","embeddable":true,"href":"https:\/\/gkp.org.rs\/en\/wp-json\/wp\/v2\/categories?post=1639"},{"taxonomy":"post_tag","embeddable":true,"href":"https:\/\/gkp.org.rs\/en\/wp-json\/wp\/v2\/tags?post=1639"}],"curies":[{"name":"wp","href":"https:\/\/api.w.org\/{rel}","templated":true}]}}