{"id":1588,"date":"2017-04-28T16:55:31","date_gmt":"2017-04-28T16:55:31","guid":{"rendered":"https:\/\/gkp.org.rs\/?p=1588"},"modified":"2017-12-21T16:59:10","modified_gmt":"2017-12-21T16:59:10","slug":"javna-diskusija-o-nkss-asocijaciji-nezavisna-kulturna-scena-srbije-u-petak-28-aprila-u-19h-u-omladinskom-centru-ck13-novi-sad","status":"publish","type":"post","link":"https:\/\/gkp.org.rs\/en\/najave\/javna-diskusija-o-nkss-asocijaciji-nezavisna-kulturna-scena-srbije-u-petak-28-aprila-u-19h-u-omladinskom-centru-ck13-novi-sad\/","title":{"rendered":"Javna diskusija o NKSS \u2013 Asocijaciji Nezavisna kulturna scena Srbije, u petak 28. aprila u 19h, u Omladinskom centru CK13, Novi Sad"},"content":{"rendered":"<p>Grupa za konceptualnu politiku i kuda.org vas pozivaju na javnu diskusiju u okviru projekta \u201eLokalne politike i urbana samouprava\u201c:<\/p>\n<p><strong>NKSS \u2013 Asocijacija Nezavisna kulturna scena Srbije<\/strong><\/p>\n<p><strong>petak 28. april 2017. u 19h<\/strong><\/p>\n<p><strong>Omladinski centar CK13<\/strong><\/p>\n<p>Vojvode Bojovi\u0107a 13, Novi Sad<\/p>\n<p>Gosti:\u00a0<strong>Milica Peki\u0107 i Darka Radosavljevi\u0107<\/strong><\/p>\n<p style=\"text-align: justify;\">Pored stalnih aktivnosti u okviru projekta \u201e<strong>Lokalne politike i urbana samouprava<\/strong>\u201c koje se ti\u010du saradnje sa gra\u0111anima i stanarima na pitanjima i problemima stanovanja, udru\u017eivanja i lokalne zajednice, ove godine Grupa za konceptualnu politiku (GKP) i kuda.org pokre\u0107u seriju javnih diskusija sa \u010dlanovima organizacija i udru\u017eenja gra\u0111ana koja svoj rad situiraju u polje stanovanja, udru\u017eivanja, aktivizma i politi\u010dkog organizovanja. Pored aktivnosti ovih organizacija, u okviru diskusija bi\u0107e postavljena pitanja vezana za oblike organizovanja i na promene u delovanju koje je mogu\u0107e napraviti, s obzirom na situaciju u kojoj se nalazimo i na rad koji obavljamo.<\/p>\n<p>Tre\u0107a u nizu javnih diskusija ugosti\u0107e\u00a0<strong>Milicu Peki\u0107\u00a0<\/strong>i\u00a0<strong>Darku Radosavljevi\u0107<\/strong>\u00a0iz Beograda, jedne od osniva\u010da i aktivnih u\u010desnika\u00a0<strong>Asocijacije Nezavisne kulturne scene Srbije (NKSS)<\/strong>.<\/p>\n<p style=\"text-align: justify;\">Razgovara\u0107emo o motivima za osnivanje i delovanje Asocijacije NKSS, kao i na\u010dinima rada u komunikaciji sa mre\u017eom udru\u017eenja gra\u0111ana u kulturi u Srbiji i regionu, a onda i podr\u0161ci koju asocijacija pru\u017ea udru\u017eenim organizacijama. Da li se mo\u017ee govoriti o nezavisnosti udru\u017eenja gra\u0111ana u kulturi i nezavisnosti polja udru\u017eenih gra\u0111ana je pitanje koje opseda svakoga ko deluje u ovom polju. Na javnoj diskusiji \u0107e biti re\u010di i o zna\u010denju i mogu\u0107nostima koje su vidljive iz takve pozicije, u njenom ekonomskom i politi\u010dkom smislu i potencijalu.\u00a0U tom smislu,\u00a0<em>Inicijativa nezavisne kulturne scene Novog Sada<\/em>\u00a0i NKSS, pored toga \u0161to dele iskustvo rada u nezavisnoj kulturnoj produkciji, poku\u0161avaju da naprave mesto politike na distanci prema deregulisanoj i perifernoj dr\u017eavi, a u okviru oslabljenog civilnog dru\u0161tva i situaciji obeshrabrenog samoudru\u017eivanja ljudi.<\/p>\n<p style=\"text-align: justify;\">Asocijaciju Nezavisna kulturna scena Srbije (NKSS) osnovalo je tridesetak aktera iz kulturnog polja, maja 2011. godine, vo\u0111eni \u017eeljom da valorizuju postoje\u0107e aktivnosti i zna\u010daj novih na\u010dina rada na polju savremene kulture, kao i da svoje znanje i iskustvo ustupe dru\u0161tvenoj zajednici na polju kulturne politike. Danas NKSS broji oko 80 \u010dlanica \u2013 udru\u017eenja gra\u0111ana u kulturi. Asocijacija deluje u pravcu\u00a0ja\u010danja sopstvenih kapaciteta i kapaciteta svojih \u010dlanica, kao i kroz dijalog sa donosiocima odluka na svim nivoima, te\u017ei da promovi\u0161e razvoj inovativnih i kriti\u010dkih umetni\u010dkih praksi, da uti\u010de na kulturnu politiku i druge javne politike koje su s njom u vezi. Asocijacija NKSS je tako\u0111e me\u0111u organizacijama koje vode borbu za o\u010duvanje prostora kulturnog centra Magacin u Beogradu.<\/p>\n<p>Vi\u0161e o Asocijaciji NKSS:\u00a0<a href=\"http:\/\/nezavisnakultura.net\/\" target=\"_blank\" rel=\"noopener\">www.nezavisnakultura.net<\/a><\/p>\n<p style=\"text-align: justify;\"><strong>Darka Radosavljevi\u0107<\/strong>\u00a0je istori\u010darka umetnosti, osniva\u010dica i direktorka REMONT \/ nezavisne umetni\u010dke asocijacije iz Beograda.\u00a0<strong>Milica Peki\u0107<\/strong>\u00a0je istori\u010darka umetnosti i jedan od osniva\u010da\u00a0udru\u017eenja gra\u0111ana\u00a0Kiosk iz Beograda. Trenutno je jedan od \u010dlanova komisije za izbor projekata na javnom konkursu za projekte u kulturi (2017) u Novom Sadu, a za tu poziciju ju je predlo\u017eila\u00a0<em>Inicijativa nezavisne scene kulturne scene Novog Sada<\/em>.<\/p>\n<p style=\"text-align: center;\">\u2013<\/p>\n<p>Dokumentacija do sada odr\u017eanih tribina:<\/p>\n<p>Ana D\u017eoki\u0107 i Marc Neelen (STEALTH.unlimited), o kampanji \u201eDobrodo\u0161li u stambeni pakao\u201c i inicijativama Ko gradi grad, Pametnija zgrada i City in the Making.<\/p>\n<p><a href=\"http:\/\/detelinara.org\/video-zapis-i-foto-dokumentacija-sa-javne-diskusije-ko-gradi-grad-u-omladinskom-centru-ck13-26-01-2017\/\" target=\"_blank\" rel=\"noopener\">http:\/\/detelinara.org\/video-zapis-i-foto-dokumentacija-sa-javne-diskusije-ko-gradi-grad-u-omladinskom-centru-ck13-26-01-2017\/<\/a><\/p>\n<blockquote class=\"wp-embedded-content\" data-secret=\"HYK8SnPfZD\"><p><a href=\"http:\/\/detelinara.org\/audio-zapis-i-foto-dokumentacija-sa-javne-diskusije-stambeni-pakao-u-mz-radnicki-od-25-01-2017\/\">Audio zapis i foto dokumentacija sa javne diskusije &#8222;STAMBENI PAKAO&#8220; u MZ Radni\u010dki od 25.01.2017.<\/a><\/p><\/blockquote>\n<p><iframe class=\"wp-embedded-content\" sandbox=\"allow-scripts\" security=\"restricted\" style=\"position: absolute; clip: rect(1px, 1px, 1px, 1px);\" src=\"http:\/\/detelinara.org\/audio-zapis-i-foto-dokumentacija-sa-javne-diskusije-stambeni-pakao-u-mz-radnicki-od-25-01-2017\/embed\/#?secret=HYK8SnPfZD\" data-secret=\"HYK8SnPfZD\" width=\"600\" height=\"338\" title=\"Ugnje\u017e\u0111eni Vordpresov \u010dlanak\" frameborder=\"0\" marginwidth=\"0\" marginheight=\"0\" scrolling=\"no\"><\/iframe><\/p>\n<p>Sa\u0161a Kosti\u0107 i \u0110okica Jovanovi\u0107 (UPSS \u2013 Udru\u017eeni pokret slobodnih stanara, Ni\u0161):<\/p>\n<blockquote class=\"wp-embedded-content\" data-secret=\"lRiQrutKlK\"><p><a href=\"http:\/\/detelinara.org\/video-i-foto-dokumentacija-sa-javne-diskusije-upss-udruzeni-pokret-slobodnih-stanara-nis-u-omladinskom-centru-ck13-30-03-2017\/\">Video i foto dokumentacija sa javne diskusije &#8222;UPSS &#8211; Udru\u017eeni pokret slobodnih stanara&#8220; Ni\u0161, u Novom Sadu, 30.03.2017.<\/a><\/p><\/blockquote>\n<p><iframe class=\"wp-embedded-content\" sandbox=\"allow-scripts\" security=\"restricted\" style=\"position: absolute; clip: rect(1px, 1px, 1px, 1px);\" src=\"http:\/\/detelinara.org\/video-i-foto-dokumentacija-sa-javne-diskusije-upss-udruzeni-pokret-slobodnih-stanara-nis-u-omladinskom-centru-ck13-30-03-2017\/embed\/#?secret=lRiQrutKlK\" data-secret=\"lRiQrutKlK\" width=\"600\" height=\"338\" title=\"Ugnje\u017e\u0111eni Vordpresov \u010dlanak\" frameborder=\"0\" marginwidth=\"0\" marginheight=\"0\" scrolling=\"no\"><\/iframe><\/p>\n<p style=\"text-align: center;\">\u2013<\/p>\n<p>Organizovanje javnih diskusija je deo projekta \u201eLokalne politike i urbana samouprava\u201c, koji sprovode Grupa za konceptualnu politiku (GKP) i kuda.org iz Novog Sada, a koji je posve\u0107en motivisanju stanovni\u0161tva za uklju\u010divanje u procese odlu\u010divanja i udru\u017eivanja na lokalnom nivou, po pitanju politizacije problema stanovanja, kao i razvoja lokalne zajednice i saradnje sa organima lokalne samouprave, prvenstveno sa mesnim zajednicama. Projekat se realizuje uz podr\u0161ku Fondacije za otvoreno dru\u0161tvo i Heinrich B\u00f6ll Stiftung Beograd.<\/p>\n<p><a href=\"http:\/\/www.detelinara.org\/\" target=\"_blank\" rel=\"noopener\">www.detelinara.org<\/a><\/p>\n<p>&nbsp;<\/p>\n<p>&nbsp;<\/p>\n","protected":false},"excerpt":{"rendered":"<p>Grupa za konceptualnu politiku i kuda.org vas pozivaju na javnu diskusiju u okviru projekta \u201eLokalne politike i urbana samouprava\u201c: NKSS \u2013 Asocijacija Nezavisna kulturna scena Srbije petak 28. april 2017. u 19h Omladinski centar CK13 Vojvode Bojovi\u0107a 13, Novi Sad [&hellip;]<\/p>\n","protected":false},"author":1,"featured_media":1589,"comment_status":"open","ping_status":"open","sticky":false,"template":"","format":"standard","meta":{"footnotes":""},"categories":[39,40,35],"tags":[],"jetpack_sharing_enabled":true,"jetpack_featured_media_url":"https:\/\/gkp.org.rs\/wp-content\/uploads\/2017\/12\/NKSS-dva-reda-1.jpg","_links":{"self":[{"href":"https:\/\/gkp.org.rs\/en\/wp-json\/wp\/v2\/posts\/1588"}],"collection":[{"href":"https:\/\/gkp.org.rs\/en\/wp-json\/wp\/v2\/posts"}],"about":[{"href":"https:\/\/gkp.org.rs\/en\/wp-json\/wp\/v2\/types\/post"}],"author":[{"embeddable":true,"href":"https:\/\/gkp.org.rs\/en\/wp-json\/wp\/v2\/users\/1"}],"replies":[{"embeddable":true,"href":"https:\/\/gkp.org.rs\/en\/wp-json\/wp\/v2\/comments?post=1588"}],"version-history":[{"count":0,"href":"https:\/\/gkp.org.rs\/en\/wp-json\/wp\/v2\/posts\/1588\/revisions"}],"wp:featuredmedia":[{"embeddable":true,"href":"https:\/\/gkp.org.rs\/en\/wp-json\/wp\/v2\/media\/1589"}],"wp:attachment":[{"href":"https:\/\/gkp.org.rs\/en\/wp-json\/wp\/v2\/media?parent=1588"}],"wp:term":[{"taxonomy":"category","embeddable":true,"href":"https:\/\/gkp.org.rs\/en\/wp-json\/wp\/v2\/categories?post=1588"},{"taxonomy":"post_tag","embeddable":true,"href":"https:\/\/gkp.org.rs\/en\/wp-json\/wp\/v2\/tags?post=1588"}],"curies":[{"name":"wp","href":"https:\/\/api.w.org\/{rel}","templated":true}]}}